{"id":7804,"date":"2022-03-09T09:26:41","date_gmt":"2022-03-09T08:26:41","guid":{"rendered":"https:\/\/www.blackeight.com\/?p=7804"},"modified":"2022-03-09T09:28:30","modified_gmt":"2022-03-09T08:28:30","slug":"how-is-it-as-a-marketing-pr-working-student-at-blackeight","status":"publish","type":"post","link":"https:\/\/www.blackeight.com\/en\/how-is-it-as-a-marketing-pr-working-student-at-blackeight","title":{"rendered":"How is it as a Working Student Marketing &#038; PR at Blackeight?"},"content":{"rendered":"<p>This article is only in German available.<\/p>\n","protected":false},"excerpt":{"rendered":"<p>This article is only in German available.<\/p>\n","protected":false},"author":22,"featured_media":7211,"comment_status":"open","ping_status":"closed","sticky":false,"template":"","format":"standard","meta":{"_acf_changed":false,"footnotes":""},"categories":[238],"tags":[410,457,497,504],"coauthors":[433,439],"class_list":["post-7804","post","type-post","status-publish","format-standard","has-post-thumbnail","hentry","category-article-2","tag-blackeight-en-2","tag-marketing","tag-pr-en","tag-working-student"],"acf":[],"yoast_head":"<!-- This site is optimized with the Yoast SEO plugin v27.5 - https:\/\/yoast.com\/product\/yoast-seo-wordpress\/ -->\n<title>How is it as a Working Student Marketing &amp; PR at Blackeight? - BLACKEIGHT - Brand Sparring Partner<\/title>\n<meta name=\"robots\" content=\"index, follow, max-snippet:-1, max-image-preview:large, max-video-preview:-1\" \/>\n<link rel=\"canonical\" href=\"https:\/\/www.blackeight.com\/en\/how-is-it-as-a-marketing-pr-working-student-at-blackeight\" \/>\n<meta property=\"og:locale\" content=\"en_US\" \/>\n<meta property=\"og:type\" content=\"article\" \/>\n<meta property=\"og:title\" content=\"How is it as a Working Student Marketing &amp; PR at Blackeight? - BLACKEIGHT - Brand Sparring Partner\" \/>\n<meta property=\"og:description\" content=\"This article is only in German available.\" \/>\n<meta property=\"og:url\" content=\"https:\/\/www.blackeight.com\/en\/how-is-it-as-a-marketing-pr-working-student-at-blackeight\" \/>\n<meta property=\"og:site_name\" content=\"BLACKEIGHT - Brand Sparring Partner\" \/>\n<meta property=\"article:published_time\" content=\"2022-03-09T08:26:41+00:00\" \/>\n<meta property=\"article:modified_time\" content=\"2022-03-09T08:28:30+00:00\" \/>\n<meta property=\"og:image\" content=\"https:\/\/www.blackeight.com\/wp-content\/uploads\/2020\/12\/blackeight-office-012-1-gr.png\" \/>\n\t<meta property=\"og:image:width\" content=\"1000\" \/>\n\t<meta property=\"og:image:height\" content=\"924\" \/>\n\t<meta property=\"og:image:type\" content=\"image\/png\" \/>\n<meta name=\"author\" content=\"Veronika Achberger, David Ernst\" \/>\n<meta name=\"twitter:card\" content=\"summary_large_image\" \/>\n<meta name=\"twitter:label1\" content=\"Written by\" \/>\n\t<meta name=\"twitter:data1\" content=\"Veronika Achberger, David Ernst\" \/>\n\t<meta name=\"twitter:label2\" content=\"Est. reading time\" \/>\n\t<meta name=\"twitter:data2\" content=\"1 minute\" \/>\n<script type=\"application\/ld+json\" class=\"yoast-schema-graph\">{\"@context\":\"https:\\\/\\\/schema.org\",\"@graph\":[{\"@type\":\"Article\",\"@id\":\"https:\\\/\\\/www.blackeight.com\\\/en\\\/how-is-it-as-a-marketing-pr-working-student-at-blackeight#article\",\"isPartOf\":{\"@id\":\"https:\\\/\\\/www.blackeight.com\\\/en\\\/how-is-it-as-a-marketing-pr-working-student-at-blackeight\"},\"author\":{\"name\":\"David Ernst\",\"@id\":\"https:\\\/\\\/www.blackeight.com\\\/#\\\/schema\\\/person\\\/2e4ea0ac9470df61e3742e9cd0545ced\"},\"headline\":\"How is it as a Working Student Marketing &#038; PR at Blackeight?\",\"datePublished\":\"2022-03-09T08:26:41+00:00\",\"dateModified\":\"2022-03-09T08:28:30+00:00\",\"mainEntityOfPage\":{\"@id\":\"https:\\\/\\\/www.blackeight.com\\\/en\\\/how-is-it-as-a-marketing-pr-working-student-at-blackeight\"},\"wordCount\":18,\"commentCount\":0,\"image\":{\"@id\":\"https:\\\/\\\/www.blackeight.com\\\/en\\\/how-is-it-as-a-marketing-pr-working-student-at-blackeight#primaryimage\"},\"thumbnailUrl\":\"https:\\\/\\\/www.blackeight.com\\\/wp-content\\\/uploads\\\/2020\\\/12\\\/blackeight-office-012-1-gr.png\",\"keywords\":[\"Blackeight\",\"Marketing\",\"PR\",\"Working Student\"],\"articleSection\":[\"Article\"],\"inLanguage\":\"en-US\",\"potentialAction\":[{\"@type\":\"CommentAction\",\"name\":\"Comment\",\"target\":[\"https:\\\/\\\/www.blackeight.com\\\/en\\\/how-is-it-as-a-marketing-pr-working-student-at-blackeight#respond\"]}]},{\"@type\":\"WebPage\",\"@id\":\"https:\\\/\\\/www.blackeight.com\\\/en\\\/how-is-it-as-a-marketing-pr-working-student-at-blackeight\",\"url\":\"https:\\\/\\\/www.blackeight.com\\\/en\\\/how-is-it-as-a-marketing-pr-working-student-at-blackeight\",\"name\":\"How is it as a Working Student Marketing & PR at Blackeight? - BLACKEIGHT - Brand Sparring Partner\",\"isPartOf\":{\"@id\":\"https:\\\/\\\/www.blackeight.com\\\/#website\"},\"primaryImageOfPage\":{\"@id\":\"https:\\\/\\\/www.blackeight.com\\\/en\\\/how-is-it-as-a-marketing-pr-working-student-at-blackeight#primaryimage\"},\"image\":{\"@id\":\"https:\\\/\\\/www.blackeight.com\\\/en\\\/how-is-it-as-a-marketing-pr-working-student-at-blackeight#primaryimage\"},\"thumbnailUrl\":\"https:\\\/\\\/www.blackeight.com\\\/wp-content\\\/uploads\\\/2020\\\/12\\\/blackeight-office-012-1-gr.png\",\"datePublished\":\"2022-03-09T08:26:41+00:00\",\"dateModified\":\"2022-03-09T08:28:30+00:00\",\"author\":{\"@id\":\"https:\\\/\\\/www.blackeight.com\\\/#\\\/schema\\\/person\\\/2e4ea0ac9470df61e3742e9cd0545ced\"},\"breadcrumb\":{\"@id\":\"https:\\\/\\\/www.blackeight.com\\\/en\\\/how-is-it-as-a-marketing-pr-working-student-at-blackeight#breadcrumb\"},\"inLanguage\":\"en-US\",\"potentialAction\":[{\"@type\":\"ReadAction\",\"target\":[\"https:\\\/\\\/www.blackeight.com\\\/en\\\/how-is-it-as-a-marketing-pr-working-student-at-blackeight\"]}]},{\"@type\":\"ImageObject\",\"inLanguage\":\"en-US\",\"@id\":\"https:\\\/\\\/www.blackeight.com\\\/en\\\/how-is-it-as-a-marketing-pr-working-student-at-blackeight#primaryimage\",\"url\":\"https:\\\/\\\/www.blackeight.com\\\/wp-content\\\/uploads\\\/2020\\\/12\\\/blackeight-office-012-1-gr.png\",\"contentUrl\":\"https:\\\/\\\/www.blackeight.com\\\/wp-content\\\/uploads\\\/2020\\\/12\\\/blackeight-office-012-1-gr.png\",\"width\":1000,\"height\":924,\"caption\":\"Blackeight Markenberatung\"},{\"@type\":\"BreadcrumbList\",\"@id\":\"https:\\\/\\\/www.blackeight.com\\\/en\\\/how-is-it-as-a-marketing-pr-working-student-at-blackeight#breadcrumb\",\"itemListElement\":[{\"@type\":\"ListItem\",\"position\":1,\"name\":\"Startseite\",\"item\":\"https:\\\/\\\/www.blackeight.com\\\/en\"},{\"@type\":\"ListItem\",\"position\":2,\"name\":\"How is it as a Working Student Marketing &#038; PR at Blackeight?\"}]},{\"@type\":\"WebSite\",\"@id\":\"https:\\\/\\\/www.blackeight.com\\\/#website\",\"url\":\"https:\\\/\\\/www.blackeight.com\\\/\",\"name\":\"BLACKEIGHT - Brand Sparring Partner\",\"description\":\"\",\"potentialAction\":[{\"@type\":\"SearchAction\",\"target\":{\"@type\":\"EntryPoint\",\"urlTemplate\":\"https:\\\/\\\/www.blackeight.com\\\/?s={search_term_string}\"},\"query-input\":{\"@type\":\"PropertyValueSpecification\",\"valueRequired\":true,\"valueName\":\"search_term_string\"}}],\"inLanguage\":\"en-US\"},{\"@type\":\"Person\",\"@id\":\"https:\\\/\\\/www.blackeight.com\\\/#\\\/schema\\\/person\\\/2e4ea0ac9470df61e3742e9cd0545ced\",\"name\":\"David Ernst\",\"description\":\"David Ernst ist Brand Strategy Consultant bei der M\u00fcnchner Markenberatung Blackeight und begleitet seit fast einem Jahrzehnt Unternehmen dabei, markengetriebene Wachstumsstrategien zu entwickeln. Als Experte f\u00fcr Markenpositionierung, digitale Transformation von Brands und kundenzentrierte Storytelling-Ans\u00e4tze unterst\u00fctzt er CMOs und Markenverantwortliche dabei, in disruptiven M\u00e4rkten relevante Alleinstellungsmerkmale zu schaffen \u2013 von der Vision bis zur operativen Umsetzung.\",\"sameAs\":[\"https:\\\/\\\/calendly.com\\\/mrdavidernst\\\/30min\",\"https:\\\/\\\/www.linkedin.com\\\/in\\\/mrdavidernst\\\/\"],\"url\":\"https:\\\/\\\/www.blackeight.com\\\/en\\\/author\\\/david-ernst\"}]}<\/script>\n<!-- \/ Yoast SEO plugin. -->","yoast_head_json":{"title":"How is it as a Working Student Marketing & PR at Blackeight? - BLACKEIGHT - Brand Sparring Partner","robots":{"index":"index","follow":"follow","max-snippet":"max-snippet:-1","max-image-preview":"max-image-preview:large","max-video-preview":"max-video-preview:-1"},"canonical":"https:\/\/www.blackeight.com\/en\/how-is-it-as-a-marketing-pr-working-student-at-blackeight","og_locale":"en_US","og_type":"article","og_title":"How is it as a Working Student Marketing & PR at Blackeight? - BLACKEIGHT - Brand Sparring Partner","og_description":"This article is only in German available.","og_url":"https:\/\/www.blackeight.com\/en\/how-is-it-as-a-marketing-pr-working-student-at-blackeight","og_site_name":"BLACKEIGHT - Brand Sparring Partner","article_published_time":"2022-03-09T08:26:41+00:00","article_modified_time":"2022-03-09T08:28:30+00:00","og_image":[{"width":1000,"height":924,"url":"https:\/\/www.blackeight.com\/wp-content\/uploads\/2020\/12\/blackeight-office-012-1-gr.png","type":"image\/png"}],"author":"Veronika Achberger, David Ernst","twitter_card":"summary_large_image","twitter_misc":{"Written by":"Veronika Achberger, David Ernst","Est. reading time":"1 minute"},"schema":{"@context":"https:\/\/schema.org","@graph":[{"@type":"Article","@id":"https:\/\/www.blackeight.com\/en\/how-is-it-as-a-marketing-pr-working-student-at-blackeight#article","isPartOf":{"@id":"https:\/\/www.blackeight.com\/en\/how-is-it-as-a-marketing-pr-working-student-at-blackeight"},"author":{"name":"David Ernst","@id":"https:\/\/www.blackeight.com\/#\/schema\/person\/2e4ea0ac9470df61e3742e9cd0545ced"},"headline":"How is it as a Working Student Marketing &#038; PR at Blackeight?","datePublished":"2022-03-09T08:26:41+00:00","dateModified":"2022-03-09T08:28:30+00:00","mainEntityOfPage":{"@id":"https:\/\/www.blackeight.com\/en\/how-is-it-as-a-marketing-pr-working-student-at-blackeight"},"wordCount":18,"commentCount":0,"image":{"@id":"https:\/\/www.blackeight.com\/en\/how-is-it-as-a-marketing-pr-working-student-at-blackeight#primaryimage"},"thumbnailUrl":"https:\/\/www.blackeight.com\/wp-content\/uploads\/2020\/12\/blackeight-office-012-1-gr.png","keywords":["Blackeight","Marketing","PR","Working Student"],"articleSection":["Article"],"inLanguage":"en-US","potentialAction":[{"@type":"CommentAction","name":"Comment","target":["https:\/\/www.blackeight.com\/en\/how-is-it-as-a-marketing-pr-working-student-at-blackeight#respond"]}]},{"@type":"WebPage","@id":"https:\/\/www.blackeight.com\/en\/how-is-it-as-a-marketing-pr-working-student-at-blackeight","url":"https:\/\/www.blackeight.com\/en\/how-is-it-as-a-marketing-pr-working-student-at-blackeight","name":"How is it as a Working Student Marketing & PR at Blackeight? - BLACKEIGHT - Brand Sparring Partner","isPartOf":{"@id":"https:\/\/www.blackeight.com\/#website"},"primaryImageOfPage":{"@id":"https:\/\/www.blackeight.com\/en\/how-is-it-as-a-marketing-pr-working-student-at-blackeight#primaryimage"},"image":{"@id":"https:\/\/www.blackeight.com\/en\/how-is-it-as-a-marketing-pr-working-student-at-blackeight#primaryimage"},"thumbnailUrl":"https:\/\/www.blackeight.com\/wp-content\/uploads\/2020\/12\/blackeight-office-012-1-gr.png","datePublished":"2022-03-09T08:26:41+00:00","dateModified":"2022-03-09T08:28:30+00:00","author":{"@id":"https:\/\/www.blackeight.com\/#\/schema\/person\/2e4ea0ac9470df61e3742e9cd0545ced"},"breadcrumb":{"@id":"https:\/\/www.blackeight.com\/en\/how-is-it-as-a-marketing-pr-working-student-at-blackeight#breadcrumb"},"inLanguage":"en-US","potentialAction":[{"@type":"ReadAction","target":["https:\/\/www.blackeight.com\/en\/how-is-it-as-a-marketing-pr-working-student-at-blackeight"]}]},{"@type":"ImageObject","inLanguage":"en-US","@id":"https:\/\/www.blackeight.com\/en\/how-is-it-as-a-marketing-pr-working-student-at-blackeight#primaryimage","url":"https:\/\/www.blackeight.com\/wp-content\/uploads\/2020\/12\/blackeight-office-012-1-gr.png","contentUrl":"https:\/\/www.blackeight.com\/wp-content\/uploads\/2020\/12\/blackeight-office-012-1-gr.png","width":1000,"height":924,"caption":"Blackeight Markenberatung"},{"@type":"BreadcrumbList","@id":"https:\/\/www.blackeight.com\/en\/how-is-it-as-a-marketing-pr-working-student-at-blackeight#breadcrumb","itemListElement":[{"@type":"ListItem","position":1,"name":"Startseite","item":"https:\/\/www.blackeight.com\/en"},{"@type":"ListItem","position":2,"name":"How is it as a Working Student Marketing &#038; PR at Blackeight?"}]},{"@type":"WebSite","@id":"https:\/\/www.blackeight.com\/#website","url":"https:\/\/www.blackeight.com\/","name":"BLACKEIGHT - Brand Sparring Partner","description":"","potentialAction":[{"@type":"SearchAction","target":{"@type":"EntryPoint","urlTemplate":"https:\/\/www.blackeight.com\/?s={search_term_string}"},"query-input":{"@type":"PropertyValueSpecification","valueRequired":true,"valueName":"search_term_string"}}],"inLanguage":"en-US"},{"@type":"Person","@id":"https:\/\/www.blackeight.com\/#\/schema\/person\/2e4ea0ac9470df61e3742e9cd0545ced","name":"David Ernst","description":"David Ernst ist Brand Strategy Consultant bei der M\u00fcnchner Markenberatung Blackeight und begleitet seit fast einem Jahrzehnt Unternehmen dabei, markengetriebene Wachstumsstrategien zu entwickeln. Als Experte f\u00fcr Markenpositionierung, digitale Transformation von Brands und kundenzentrierte Storytelling-Ans\u00e4tze unterst\u00fctzt er CMOs und Markenverantwortliche dabei, in disruptiven M\u00e4rkten relevante Alleinstellungsmerkmale zu schaffen \u2013 von der Vision bis zur operativen Umsetzung.","sameAs":["https:\/\/calendly.com\/mrdavidernst\/30min","https:\/\/www.linkedin.com\/in\/mrdavidernst\/"],"url":"https:\/\/www.blackeight.com\/en\/author\/david-ernst"}]}},"_links":{"self":[{"href":"https:\/\/www.blackeight.com\/en\/wp-json\/wp\/v2\/posts\/7804","targetHints":{"allow":["GET"]}}],"collection":[{"href":"https:\/\/www.blackeight.com\/en\/wp-json\/wp\/v2\/posts"}],"about":[{"href":"https:\/\/www.blackeight.com\/en\/wp-json\/wp\/v2\/types\/post"}],"author":[{"embeddable":true,"href":"https:\/\/www.blackeight.com\/en\/wp-json\/wp\/v2\/users\/22"}],"replies":[{"embeddable":true,"href":"https:\/\/www.blackeight.com\/en\/wp-json\/wp\/v2\/comments?post=7804"}],"version-history":[{"count":0,"href":"https:\/\/www.blackeight.com\/en\/wp-json\/wp\/v2\/posts\/7804\/revisions"}],"wp:featuredmedia":[{"embeddable":true,"href":"https:\/\/www.blackeight.com\/en\/wp-json\/wp\/v2\/media\/7211"}],"wp:attachment":[{"href":"https:\/\/www.blackeight.com\/en\/wp-json\/wp\/v2\/media?parent=7804"}],"wp:term":[{"taxonomy":"category","embeddable":true,"href":"https:\/\/www.blackeight.com\/en\/wp-json\/wp\/v2\/categories?post=7804"},{"taxonomy":"post_tag","embeddable":true,"href":"https:\/\/www.blackeight.com\/en\/wp-json\/wp\/v2\/tags?post=7804"},{"taxonomy":"author","embeddable":true,"href":"https:\/\/www.blackeight.com\/en\/wp-json\/wp\/v2\/coauthors?post=7804"}],"curies":[{"name":"wp","href":"https:\/\/api.w.org\/{rel}","templated":true}]}}