{"id":7602,"date":"2021-11-11T17:41:41","date_gmt":"2021-11-11T16:41:41","guid":{"rendered":"https:\/\/www.blackeight.com\/?p=7602"},"modified":"2024-03-28T16:05:57","modified_gmt":"2024-03-28T15:05:57","slug":"visiting-blackeight-m3ve-on-tour","status":"publish","type":"post","link":"https:\/\/www.blackeight.com\/en\/visiting-blackeight-m3ve-on-tour","title":{"rendered":"Visiting BLACKEIGHT &#8211; M3ve on Tour"},"content":{"rendered":"<p><img loading=\"lazy\" decoding=\"async\" width=\"2560\" height=\"1228\" class=\"alignnone size-full wp-image-7600\" src=\"https:\/\/www.blackeight.com\/wp-content\/uploads\/2021\/10\/img-1082-1-scaled.jpg\" alt=\"Studierende M3ve\" srcset=\"https:\/\/www.blackeight.com\/wp-content\/uploads\/2021\/10\/img-1082-1-scaled.jpg 2560w, https:\/\/www.blackeight.com\/wp-content\/uploads\/2021\/10\/img-1082-1-300x144.jpg 300w, https:\/\/www.blackeight.com\/wp-content\/uploads\/2021\/10\/img-1082-1-1024x491.jpg 1024w, https:\/\/www.blackeight.com\/wp-content\/uploads\/2021\/10\/img-1082-1-768x368.jpg 768w, https:\/\/www.blackeight.com\/wp-content\/uploads\/2021\/10\/img-1082-1-1536x737.jpg 1536w, https:\/\/www.blackeight.com\/wp-content\/uploads\/2021\/10\/img-1082-1-2048x982.jpg 2048w, https:\/\/www.blackeight.com\/wp-content\/uploads\/2021\/10\/img-1082-1-576x276.jpg 576w, https:\/\/www.blackeight.com\/wp-content\/uploads\/2021\/10\/img-1082-1-1170x561.jpg 1170w, https:\/\/www.blackeight.com\/wp-content\/uploads\/2021\/10\/img-1082-1-1600x767.jpg 1600w, https:\/\/www.blackeight.com\/wp-content\/uploads\/2021\/10\/img-1082-1-1920x921.jpg 1920w\" sizes=\"auto, (max-width: 2560px) 100vw, 2560px\" \/><\/p>\n<p>This article is only in German available.<\/p>\n","protected":false},"excerpt":{"rendered":"<p>This article is only in German available.<\/p>\n","protected":false},"author":22,"featured_media":6988,"comment_status":"open","ping_status":"closed","sticky":false,"template":"","format":"standard","meta":{"_acf_changed":false,"footnotes":""},"categories":[238],"tags":[262,263,482],"coauthors":[199,439],"class_list":["post-7602","post","type-post","status-publish","format-standard","has-post-thumbnail","hentry","category-article-2","tag-karsten-kilian-en","tag-m3ve-en","tag-students"],"acf":[],"yoast_head":"<!-- This site is optimized with the Yoast SEO plugin v27.5 - https:\/\/yoast.com\/product\/yoast-seo-wordpress\/ -->\n<title>Visiting BLACKEIGHT - M3ve on Tour - BLACKEIGHT - Brand Sparring Partner<\/title>\n<meta name=\"description\" content=\"A group of M3ve students visited BLACKEIGHT at our Office in Munich.\" \/>\n<meta name=\"robots\" content=\"index, follow, max-snippet:-1, max-image-preview:large, max-video-preview:-1\" \/>\n<link rel=\"canonical\" href=\"https:\/\/www.blackeight.com\/en\/visiting-blackeight-m3ve-on-tour\" \/>\n<meta property=\"og:locale\" content=\"en_US\" \/>\n<meta property=\"og:type\" content=\"article\" \/>\n<meta property=\"og:title\" content=\"Visiting BLACKEIGHT - M3ve on Tour - BLACKEIGHT - Brand Sparring Partner\" \/>\n<meta property=\"og:description\" content=\"A group of M3ve students visited BLACKEIGHT at our Office in Munich.\" \/>\n<meta property=\"og:url\" content=\"https:\/\/www.blackeight.com\/en\/visiting-blackeight-m3ve-on-tour\" \/>\n<meta property=\"og:site_name\" content=\"BLACKEIGHT - Brand Sparring Partner\" \/>\n<meta property=\"article:published_time\" content=\"2021-11-11T16:41:41+00:00\" \/>\n<meta property=\"article:modified_time\" content=\"2024-03-28T15:05:57+00:00\" \/>\n<meta property=\"og:image\" content=\"https:\/\/www.blackeight.com\/wp-content\/uploads\/2020\/07\/hochschule-schweinfurt-500x462px.png\" \/>\n\t<meta property=\"og:image:width\" content=\"500\" \/>\n\t<meta property=\"og:image:height\" content=\"462\" \/>\n\t<meta property=\"og:image:type\" content=\"image\/png\" \/>\n<meta name=\"author\" content=\"Tamara Ertl, David Ernst\" \/>\n<meta name=\"twitter:card\" content=\"summary_large_image\" \/>\n<meta name=\"twitter:label1\" content=\"Written by\" \/>\n\t<meta name=\"twitter:data1\" content=\"Tamara Ertl, David Ernst\" \/>\n\t<meta name=\"twitter:label2\" content=\"Est. reading time\" \/>\n\t<meta name=\"twitter:data2\" content=\"1 minute\" \/>\n<script type=\"application\/ld+json\" class=\"yoast-schema-graph\">{\"@context\":\"https:\\\/\\\/schema.org\",\"@graph\":[{\"@type\":\"Article\",\"@id\":\"https:\\\/\\\/www.blackeight.com\\\/en\\\/visiting-blackeight-m3ve-on-tour#article\",\"isPartOf\":{\"@id\":\"https:\\\/\\\/www.blackeight.com\\\/en\\\/visiting-blackeight-m3ve-on-tour\"},\"author\":{\"name\":\"David Ernst\",\"@id\":\"https:\\\/\\\/www.blackeight.com\\\/#\\\/schema\\\/person\\\/2e4ea0ac9470df61e3742e9cd0545ced\"},\"headline\":\"Visiting BLACKEIGHT &#8211; M3ve on Tour\",\"datePublished\":\"2021-11-11T16:41:41+00:00\",\"dateModified\":\"2024-03-28T15:05:57+00:00\",\"mainEntityOfPage\":{\"@id\":\"https:\\\/\\\/www.blackeight.com\\\/en\\\/visiting-blackeight-m3ve-on-tour\"},\"wordCount\":14,\"commentCount\":0,\"image\":{\"@id\":\"https:\\\/\\\/www.blackeight.com\\\/en\\\/visiting-blackeight-m3ve-on-tour#primaryimage\"},\"thumbnailUrl\":\"https:\\\/\\\/www.blackeight.com\\\/wp-content\\\/uploads\\\/2020\\\/07\\\/hochschule-schweinfurt-500x462px.png\",\"keywords\":[\"Karsten Kilian\",\"M3ve\",\"students\"],\"articleSection\":[\"Article\"],\"inLanguage\":\"en-US\",\"potentialAction\":[{\"@type\":\"CommentAction\",\"name\":\"Comment\",\"target\":[\"https:\\\/\\\/www.blackeight.com\\\/en\\\/visiting-blackeight-m3ve-on-tour#respond\"]}]},{\"@type\":\"WebPage\",\"@id\":\"https:\\\/\\\/www.blackeight.com\\\/en\\\/visiting-blackeight-m3ve-on-tour\",\"url\":\"https:\\\/\\\/www.blackeight.com\\\/en\\\/visiting-blackeight-m3ve-on-tour\",\"name\":\"Visiting BLACKEIGHT - M3ve on Tour - BLACKEIGHT - Brand Sparring Partner\",\"isPartOf\":{\"@id\":\"https:\\\/\\\/www.blackeight.com\\\/#website\"},\"primaryImageOfPage\":{\"@id\":\"https:\\\/\\\/www.blackeight.com\\\/en\\\/visiting-blackeight-m3ve-on-tour#primaryimage\"},\"image\":{\"@id\":\"https:\\\/\\\/www.blackeight.com\\\/en\\\/visiting-blackeight-m3ve-on-tour#primaryimage\"},\"thumbnailUrl\":\"https:\\\/\\\/www.blackeight.com\\\/wp-content\\\/uploads\\\/2020\\\/07\\\/hochschule-schweinfurt-500x462px.png\",\"datePublished\":\"2021-11-11T16:41:41+00:00\",\"dateModified\":\"2024-03-28T15:05:57+00:00\",\"author\":{\"@id\":\"https:\\\/\\\/www.blackeight.com\\\/#\\\/schema\\\/person\\\/2e4ea0ac9470df61e3742e9cd0545ced\"},\"description\":\"A group of M3ve students visited BLACKEIGHT at our Office in Munich.\",\"breadcrumb\":{\"@id\":\"https:\\\/\\\/www.blackeight.com\\\/en\\\/visiting-blackeight-m3ve-on-tour#breadcrumb\"},\"inLanguage\":\"en-US\",\"potentialAction\":[{\"@type\":\"ReadAction\",\"target\":[\"https:\\\/\\\/www.blackeight.com\\\/en\\\/visiting-blackeight-m3ve-on-tour\"]}]},{\"@type\":\"ImageObject\",\"inLanguage\":\"en-US\",\"@id\":\"https:\\\/\\\/www.blackeight.com\\\/en\\\/visiting-blackeight-m3ve-on-tour#primaryimage\",\"url\":\"https:\\\/\\\/www.blackeight.com\\\/wp-content\\\/uploads\\\/2020\\\/07\\\/hochschule-schweinfurt-500x462px.png\",\"contentUrl\":\"https:\\\/\\\/www.blackeight.com\\\/wp-content\\\/uploads\\\/2020\\\/07\\\/hochschule-schweinfurt-500x462px.png\",\"width\":500,\"height\":462,\"caption\":\"Blackeight FHWS W\u00fcrzburg\"},{\"@type\":\"BreadcrumbList\",\"@id\":\"https:\\\/\\\/www.blackeight.com\\\/en\\\/visiting-blackeight-m3ve-on-tour#breadcrumb\",\"itemListElement\":[{\"@type\":\"ListItem\",\"position\":1,\"name\":\"Startseite\",\"item\":\"https:\\\/\\\/www.blackeight.com\\\/en\"},{\"@type\":\"ListItem\",\"position\":2,\"name\":\"Visiting BLACKEIGHT &#8211; M3ve on Tour\"}]},{\"@type\":\"WebSite\",\"@id\":\"https:\\\/\\\/www.blackeight.com\\\/#website\",\"url\":\"https:\\\/\\\/www.blackeight.com\\\/\",\"name\":\"BLACKEIGHT - Brand Sparring Partner\",\"description\":\"\",\"potentialAction\":[{\"@type\":\"SearchAction\",\"target\":{\"@type\":\"EntryPoint\",\"urlTemplate\":\"https:\\\/\\\/www.blackeight.com\\\/?s={search_term_string}\"},\"query-input\":{\"@type\":\"PropertyValueSpecification\",\"valueRequired\":true,\"valueName\":\"search_term_string\"}}],\"inLanguage\":\"en-US\"},{\"@type\":\"Person\",\"@id\":\"https:\\\/\\\/www.blackeight.com\\\/#\\\/schema\\\/person\\\/2e4ea0ac9470df61e3742e9cd0545ced\",\"name\":\"David Ernst\",\"description\":\"David Ernst ist Brand Strategy Consultant bei der M\u00fcnchner Markenberatung Blackeight und begleitet seit fast einem Jahrzehnt Unternehmen dabei, markengetriebene Wachstumsstrategien zu entwickeln. Als Experte f\u00fcr Markenpositionierung, digitale Transformation von Brands und kundenzentrierte Storytelling-Ans\u00e4tze unterst\u00fctzt er CMOs und Markenverantwortliche dabei, in disruptiven M\u00e4rkten relevante Alleinstellungsmerkmale zu schaffen \u2013 von der Vision bis zur operativen Umsetzung.\",\"sameAs\":[\"https:\\\/\\\/calendly.com\\\/mrdavidernst\\\/30min\",\"https:\\\/\\\/www.linkedin.com\\\/in\\\/mrdavidernst\\\/\"],\"url\":\"https:\\\/\\\/www.blackeight.com\\\/en\\\/author\\\/david-ernst\"}]}<\/script>\n<!-- \/ Yoast SEO plugin. -->","yoast_head_json":{"title":"Visiting BLACKEIGHT - M3ve on Tour - BLACKEIGHT - Brand Sparring Partner","description":"A group of M3ve students visited BLACKEIGHT at our Office in Munich.","robots":{"index":"index","follow":"follow","max-snippet":"max-snippet:-1","max-image-preview":"max-image-preview:large","max-video-preview":"max-video-preview:-1"},"canonical":"https:\/\/www.blackeight.com\/en\/visiting-blackeight-m3ve-on-tour","og_locale":"en_US","og_type":"article","og_title":"Visiting BLACKEIGHT - M3ve on Tour - BLACKEIGHT - Brand Sparring Partner","og_description":"A group of M3ve students visited BLACKEIGHT at our Office in Munich.","og_url":"https:\/\/www.blackeight.com\/en\/visiting-blackeight-m3ve-on-tour","og_site_name":"BLACKEIGHT - Brand Sparring Partner","article_published_time":"2021-11-11T16:41:41+00:00","article_modified_time":"2024-03-28T15:05:57+00:00","og_image":[{"width":500,"height":462,"url":"https:\/\/www.blackeight.com\/wp-content\/uploads\/2020\/07\/hochschule-schweinfurt-500x462px.png","type":"image\/png"}],"author":"Tamara Ertl, David Ernst","twitter_card":"summary_large_image","twitter_misc":{"Written by":"Tamara Ertl, David Ernst","Est. reading time":"1 minute"},"schema":{"@context":"https:\/\/schema.org","@graph":[{"@type":"Article","@id":"https:\/\/www.blackeight.com\/en\/visiting-blackeight-m3ve-on-tour#article","isPartOf":{"@id":"https:\/\/www.blackeight.com\/en\/visiting-blackeight-m3ve-on-tour"},"author":{"name":"David Ernst","@id":"https:\/\/www.blackeight.com\/#\/schema\/person\/2e4ea0ac9470df61e3742e9cd0545ced"},"headline":"Visiting BLACKEIGHT &#8211; M3ve on Tour","datePublished":"2021-11-11T16:41:41+00:00","dateModified":"2024-03-28T15:05:57+00:00","mainEntityOfPage":{"@id":"https:\/\/www.blackeight.com\/en\/visiting-blackeight-m3ve-on-tour"},"wordCount":14,"commentCount":0,"image":{"@id":"https:\/\/www.blackeight.com\/en\/visiting-blackeight-m3ve-on-tour#primaryimage"},"thumbnailUrl":"https:\/\/www.blackeight.com\/wp-content\/uploads\/2020\/07\/hochschule-schweinfurt-500x462px.png","keywords":["Karsten Kilian","M3ve","students"],"articleSection":["Article"],"inLanguage":"en-US","potentialAction":[{"@type":"CommentAction","name":"Comment","target":["https:\/\/www.blackeight.com\/en\/visiting-blackeight-m3ve-on-tour#respond"]}]},{"@type":"WebPage","@id":"https:\/\/www.blackeight.com\/en\/visiting-blackeight-m3ve-on-tour","url":"https:\/\/www.blackeight.com\/en\/visiting-blackeight-m3ve-on-tour","name":"Visiting BLACKEIGHT - M3ve on Tour - BLACKEIGHT - Brand Sparring Partner","isPartOf":{"@id":"https:\/\/www.blackeight.com\/#website"},"primaryImageOfPage":{"@id":"https:\/\/www.blackeight.com\/en\/visiting-blackeight-m3ve-on-tour#primaryimage"},"image":{"@id":"https:\/\/www.blackeight.com\/en\/visiting-blackeight-m3ve-on-tour#primaryimage"},"thumbnailUrl":"https:\/\/www.blackeight.com\/wp-content\/uploads\/2020\/07\/hochschule-schweinfurt-500x462px.png","datePublished":"2021-11-11T16:41:41+00:00","dateModified":"2024-03-28T15:05:57+00:00","author":{"@id":"https:\/\/www.blackeight.com\/#\/schema\/person\/2e4ea0ac9470df61e3742e9cd0545ced"},"description":"A group of M3ve students visited BLACKEIGHT at our Office in Munich.","breadcrumb":{"@id":"https:\/\/www.blackeight.com\/en\/visiting-blackeight-m3ve-on-tour#breadcrumb"},"inLanguage":"en-US","potentialAction":[{"@type":"ReadAction","target":["https:\/\/www.blackeight.com\/en\/visiting-blackeight-m3ve-on-tour"]}]},{"@type":"ImageObject","inLanguage":"en-US","@id":"https:\/\/www.blackeight.com\/en\/visiting-blackeight-m3ve-on-tour#primaryimage","url":"https:\/\/www.blackeight.com\/wp-content\/uploads\/2020\/07\/hochschule-schweinfurt-500x462px.png","contentUrl":"https:\/\/www.blackeight.com\/wp-content\/uploads\/2020\/07\/hochschule-schweinfurt-500x462px.png","width":500,"height":462,"caption":"Blackeight FHWS W\u00fcrzburg"},{"@type":"BreadcrumbList","@id":"https:\/\/www.blackeight.com\/en\/visiting-blackeight-m3ve-on-tour#breadcrumb","itemListElement":[{"@type":"ListItem","position":1,"name":"Startseite","item":"https:\/\/www.blackeight.com\/en"},{"@type":"ListItem","position":2,"name":"Visiting BLACKEIGHT &#8211; M3ve on Tour"}]},{"@type":"WebSite","@id":"https:\/\/www.blackeight.com\/#website","url":"https:\/\/www.blackeight.com\/","name":"BLACKEIGHT - Brand Sparring Partner","description":"","potentialAction":[{"@type":"SearchAction","target":{"@type":"EntryPoint","urlTemplate":"https:\/\/www.blackeight.com\/?s={search_term_string}"},"query-input":{"@type":"PropertyValueSpecification","valueRequired":true,"valueName":"search_term_string"}}],"inLanguage":"en-US"},{"@type":"Person","@id":"https:\/\/www.blackeight.com\/#\/schema\/person\/2e4ea0ac9470df61e3742e9cd0545ced","name":"David Ernst","description":"David Ernst ist Brand Strategy Consultant bei der M\u00fcnchner Markenberatung Blackeight und begleitet seit fast einem Jahrzehnt Unternehmen dabei, markengetriebene Wachstumsstrategien zu entwickeln. Als Experte f\u00fcr Markenpositionierung, digitale Transformation von Brands und kundenzentrierte Storytelling-Ans\u00e4tze unterst\u00fctzt er CMOs und Markenverantwortliche dabei, in disruptiven M\u00e4rkten relevante Alleinstellungsmerkmale zu schaffen \u2013 von der Vision bis zur operativen Umsetzung.","sameAs":["https:\/\/calendly.com\/mrdavidernst\/30min","https:\/\/www.linkedin.com\/in\/mrdavidernst\/"],"url":"https:\/\/www.blackeight.com\/en\/author\/david-ernst"}]}},"_links":{"self":[{"href":"https:\/\/www.blackeight.com\/en\/wp-json\/wp\/v2\/posts\/7602","targetHints":{"allow":["GET"]}}],"collection":[{"href":"https:\/\/www.blackeight.com\/en\/wp-json\/wp\/v2\/posts"}],"about":[{"href":"https:\/\/www.blackeight.com\/en\/wp-json\/wp\/v2\/types\/post"}],"author":[{"embeddable":true,"href":"https:\/\/www.blackeight.com\/en\/wp-json\/wp\/v2\/users\/22"}],"replies":[{"embeddable":true,"href":"https:\/\/www.blackeight.com\/en\/wp-json\/wp\/v2\/comments?post=7602"}],"version-history":[{"count":1,"href":"https:\/\/www.blackeight.com\/en\/wp-json\/wp\/v2\/posts\/7602\/revisions"}],"predecessor-version":[{"id":9592,"href":"https:\/\/www.blackeight.com\/en\/wp-json\/wp\/v2\/posts\/7602\/revisions\/9592"}],"wp:featuredmedia":[{"embeddable":true,"href":"https:\/\/www.blackeight.com\/en\/wp-json\/wp\/v2\/media\/6988"}],"wp:attachment":[{"href":"https:\/\/www.blackeight.com\/en\/wp-json\/wp\/v2\/media?parent=7602"}],"wp:term":[{"taxonomy":"category","embeddable":true,"href":"https:\/\/www.blackeight.com\/en\/wp-json\/wp\/v2\/categories?post=7602"},{"taxonomy":"post_tag","embeddable":true,"href":"https:\/\/www.blackeight.com\/en\/wp-json\/wp\/v2\/tags?post=7602"},{"taxonomy":"author","embeddable":true,"href":"https:\/\/www.blackeight.com\/en\/wp-json\/wp\/v2\/coauthors?post=7602"}],"curies":[{"name":"wp","href":"https:\/\/api.w.org\/{rel}","templated":true}]}}