{"id":6300,"date":"2020-03-17T21:54:30","date_gmt":"2020-03-17T20:54:30","guid":{"rendered":"https:\/\/www.blackeight.com\/?p=6300"},"modified":"2020-04-22T13:48:22","modified_gmt":"2020-04-22T11:48:22","slug":"flatten-the-curve-acting-responsibly-at-blackeight","status":"publish","type":"post","link":"https:\/\/www.blackeight.com\/en\/flatten-the-curve-acting-responsibly-at-blackeight","title":{"rendered":"Flatten the Curve: \u00bbActing responsibly\u00ab at Blackeight"},"content":{"rendered":"<p>In times like these, \u00bbresponsible action\u00ab begins with yourself. Since Friday, 13.3.2020, all our employees have therefore been in home office for an indefinite period. With this, we at Blackeight would also like to make our contribution to slowing down the spread of the corona virus. In this spirit: Stay at home and stay healthy!<\/p>\n<p>&nbsp;<\/p>\n<p>Our customers and partners reach us as usual. All projects will continue to be driven forward with the same high quality standards.<\/p>\n<p>&nbsp;<\/p>\n","protected":false},"excerpt":{"rendered":"<p>In times like these, \u00bbresponsible action\u00ab begins with yourself. Since Friday, 13.3.2020, all our employees have therefore been in home office for an indefinite period. With this, we at Blackeight would also like to make our contribution to slowing down the spread of the corona virus. In this spirit: Stay <a class=\"moretag\" href=\"https:\/\/www.blackeight.com\/en\/flatten-the-curve-acting-responsibly-at-blackeight\">read more&#8230;<\/a><\/p>\n","protected":false},"author":4,"featured_media":0,"comment_status":"closed","ping_status":"closed","sticky":false,"template":"","format":"standard","meta":{"_acf_changed":false,"footnotes":""},"categories":[238],"tags":[228,229,242],"coauthors":[193,195],"class_list":["post-6300","post","type-post","status-publish","format-standard","hentry","category-article-2","tag-blackeight-en","tag-brand-consultancy-en","tag-responsibility"],"acf":[],"yoast_head":"<!-- This site is optimized with the Yoast SEO plugin v27.5 - https:\/\/yoast.com\/product\/yoast-seo-wordpress\/ -->\n<title>Flatten the Curve: \u00bbActing responsibly\u00ab at Blackeight - BLACKEIGHT - Brand Sparring Partner<\/title>\n<meta name=\"robots\" content=\"index, follow, max-snippet:-1, max-image-preview:large, max-video-preview:-1\" \/>\n<link rel=\"canonical\" href=\"https:\/\/www.blackeight.com\/en\/flatten-the-curve-acting-responsibly-at-blackeight\" \/>\n<meta property=\"og:locale\" content=\"en_US\" \/>\n<meta property=\"og:type\" content=\"article\" \/>\n<meta property=\"og:title\" content=\"Flatten the Curve: \u00bbActing responsibly\u00ab at Blackeight - BLACKEIGHT - Brand Sparring Partner\" \/>\n<meta property=\"og:description\" content=\"In times like these, \u00bbresponsible action\u00ab begins with yourself. Since Friday, 13.3.2020, all our employees have therefore been in home office for an indefinite period. With this, we at Blackeight would also like to make our contribution to slowing down the spread of the corona virus. In this spirit: Stay read more...\" \/>\n<meta property=\"og:url\" content=\"https:\/\/www.blackeight.com\/en\/flatten-the-curve-acting-responsibly-at-blackeight\" \/>\n<meta property=\"og:site_name\" content=\"BLACKEIGHT - Brand Sparring Partner\" \/>\n<meta property=\"article:published_time\" content=\"2020-03-17T20:54:30+00:00\" \/>\n<meta property=\"article:modified_time\" content=\"2020-04-22T11:48:22+00:00\" \/>\n<meta name=\"author\" content=\"Armin Schlamp, Matthias H\u00fcsgen\" \/>\n<meta name=\"twitter:card\" content=\"summary_large_image\" \/>\n<meta name=\"twitter:label1\" content=\"Written by\" \/>\n\t<meta name=\"twitter:data1\" content=\"Armin Schlamp, Matthias H\u00fcsgen\" \/>\n<script type=\"application\/ld+json\" class=\"yoast-schema-graph\">{\"@context\":\"https:\\\/\\\/schema.org\",\"@graph\":[{\"@type\":\"Article\",\"@id\":\"https:\\\/\\\/www.blackeight.com\\\/en\\\/flatten-the-curve-acting-responsibly-at-blackeight#article\",\"isPartOf\":{\"@id\":\"https:\\\/\\\/www.blackeight.com\\\/en\\\/flatten-the-curve-acting-responsibly-at-blackeight\"},\"author\":{\"name\":\"Armin Schlamp\",\"@id\":\"https:\\\/\\\/www.blackeight.com\\\/#\\\/schema\\\/person\\\/7bde3d62621563d0ca76fb2f89af0018\"},\"headline\":\"Flatten the Curve: \u00bbActing responsibly\u00ab at Blackeight\",\"datePublished\":\"2020-03-17T20:54:30+00:00\",\"dateModified\":\"2020-04-22T11:48:22+00:00\",\"mainEntityOfPage\":{\"@id\":\"https:\\\/\\\/www.blackeight.com\\\/en\\\/flatten-the-curve-acting-responsibly-at-blackeight\"},\"wordCount\":85,\"keywords\":[\"Blackeight\",\"brand consultancy\",\"responsibility\"],\"articleSection\":[\"Article\"],\"inLanguage\":\"en-US\"},{\"@type\":\"WebPage\",\"@id\":\"https:\\\/\\\/www.blackeight.com\\\/en\\\/flatten-the-curve-acting-responsibly-at-blackeight\",\"url\":\"https:\\\/\\\/www.blackeight.com\\\/en\\\/flatten-the-curve-acting-responsibly-at-blackeight\",\"name\":\"Flatten the Curve: \u00bbActing responsibly\u00ab at Blackeight - BLACKEIGHT - Brand Sparring Partner\",\"isPartOf\":{\"@id\":\"https:\\\/\\\/www.blackeight.com\\\/#website\"},\"datePublished\":\"2020-03-17T20:54:30+00:00\",\"dateModified\":\"2020-04-22T11:48:22+00:00\",\"author\":{\"@id\":\"https:\\\/\\\/www.blackeight.com\\\/#\\\/schema\\\/person\\\/7bde3d62621563d0ca76fb2f89af0018\"},\"breadcrumb\":{\"@id\":\"https:\\\/\\\/www.blackeight.com\\\/en\\\/flatten-the-curve-acting-responsibly-at-blackeight#breadcrumb\"},\"inLanguage\":\"en-US\",\"potentialAction\":[{\"@type\":\"ReadAction\",\"target\":[\"https:\\\/\\\/www.blackeight.com\\\/en\\\/flatten-the-curve-acting-responsibly-at-blackeight\"]}]},{\"@type\":\"BreadcrumbList\",\"@id\":\"https:\\\/\\\/www.blackeight.com\\\/en\\\/flatten-the-curve-acting-responsibly-at-blackeight#breadcrumb\",\"itemListElement\":[{\"@type\":\"ListItem\",\"position\":1,\"name\":\"Startseite\",\"item\":\"https:\\\/\\\/www.blackeight.com\\\/en\"},{\"@type\":\"ListItem\",\"position\":2,\"name\":\"Flatten the Curve: \u00bbActing responsibly\u00ab at Blackeight\"}]},{\"@type\":\"WebSite\",\"@id\":\"https:\\\/\\\/www.blackeight.com\\\/#website\",\"url\":\"https:\\\/\\\/www.blackeight.com\\\/\",\"name\":\"BLACKEIGHT - Brand Sparring Partner\",\"description\":\"\",\"potentialAction\":[{\"@type\":\"SearchAction\",\"target\":{\"@type\":\"EntryPoint\",\"urlTemplate\":\"https:\\\/\\\/www.blackeight.com\\\/?s={search_term_string}\"},\"query-input\":{\"@type\":\"PropertyValueSpecification\",\"valueRequired\":true,\"valueName\":\"search_term_string\"}}],\"inLanguage\":\"en-US\"},{\"@type\":\"Person\",\"@id\":\"https:\\\/\\\/www.blackeight.com\\\/#\\\/schema\\\/person\\\/7bde3d62621563d0ca76fb2f89af0018\",\"name\":\"Armin Schlamp\",\"description\":\"Armin Schlamp ist Gr\u00fcnder und Gesch\u00e4ftsf\u00fchrer von Blackeight. Seit \u00fcber 20 Jahren begleitet er als Brand Sparring Partner Menschen und Marken dabei, zukunftsf\u00e4hige Entscheidungen f\u00fcr Ihren nachhaltigen Erfolg zu treffen. Seine Expertise sch\u00f6pft er nicht nur aus seiner Erfahrung als Berater, sondern auch aus langj\u00e4hriger Berufserfahrung in der Industrie, u.a. der T\u00e4tigkeit als CMO in Interimsmandaten.\",\"sameAs\":[\"https:\\\/\\\/de.linkedin.com\\\/in\\\/armin-schlamp-06a7655a\"],\"url\":\"https:\\\/\\\/www.blackeight.com\\\/en\\\/author\\\/armin-schlamp\"}]}<\/script>\n<!-- \/ Yoast SEO plugin. -->","yoast_head_json":{"title":"Flatten the Curve: \u00bbActing responsibly\u00ab at Blackeight - BLACKEIGHT - Brand Sparring Partner","robots":{"index":"index","follow":"follow","max-snippet":"max-snippet:-1","max-image-preview":"max-image-preview:large","max-video-preview":"max-video-preview:-1"},"canonical":"https:\/\/www.blackeight.com\/en\/flatten-the-curve-acting-responsibly-at-blackeight","og_locale":"en_US","og_type":"article","og_title":"Flatten the Curve: \u00bbActing responsibly\u00ab at Blackeight - BLACKEIGHT - Brand Sparring Partner","og_description":"In times like these, \u00bbresponsible action\u00ab begins with yourself. Since Friday, 13.3.2020, all our employees have therefore been in home office for an indefinite period. With this, we at Blackeight would also like to make our contribution to slowing down the spread of the corona virus. In this spirit: Stay read more...","og_url":"https:\/\/www.blackeight.com\/en\/flatten-the-curve-acting-responsibly-at-blackeight","og_site_name":"BLACKEIGHT - Brand Sparring Partner","article_published_time":"2020-03-17T20:54:30+00:00","article_modified_time":"2020-04-22T11:48:22+00:00","author":"Armin Schlamp, Matthias H\u00fcsgen","twitter_card":"summary_large_image","twitter_misc":{"Written by":"Armin Schlamp, Matthias H\u00fcsgen"},"schema":{"@context":"https:\/\/schema.org","@graph":[{"@type":"Article","@id":"https:\/\/www.blackeight.com\/en\/flatten-the-curve-acting-responsibly-at-blackeight#article","isPartOf":{"@id":"https:\/\/www.blackeight.com\/en\/flatten-the-curve-acting-responsibly-at-blackeight"},"author":{"name":"Armin Schlamp","@id":"https:\/\/www.blackeight.com\/#\/schema\/person\/7bde3d62621563d0ca76fb2f89af0018"},"headline":"Flatten the Curve: \u00bbActing responsibly\u00ab at Blackeight","datePublished":"2020-03-17T20:54:30+00:00","dateModified":"2020-04-22T11:48:22+00:00","mainEntityOfPage":{"@id":"https:\/\/www.blackeight.com\/en\/flatten-the-curve-acting-responsibly-at-blackeight"},"wordCount":85,"keywords":["Blackeight","brand consultancy","responsibility"],"articleSection":["Article"],"inLanguage":"en-US"},{"@type":"WebPage","@id":"https:\/\/www.blackeight.com\/en\/flatten-the-curve-acting-responsibly-at-blackeight","url":"https:\/\/www.blackeight.com\/en\/flatten-the-curve-acting-responsibly-at-blackeight","name":"Flatten the Curve: \u00bbActing responsibly\u00ab at Blackeight - BLACKEIGHT - Brand Sparring Partner","isPartOf":{"@id":"https:\/\/www.blackeight.com\/#website"},"datePublished":"2020-03-17T20:54:30+00:00","dateModified":"2020-04-22T11:48:22+00:00","author":{"@id":"https:\/\/www.blackeight.com\/#\/schema\/person\/7bde3d62621563d0ca76fb2f89af0018"},"breadcrumb":{"@id":"https:\/\/www.blackeight.com\/en\/flatten-the-curve-acting-responsibly-at-blackeight#breadcrumb"},"inLanguage":"en-US","potentialAction":[{"@type":"ReadAction","target":["https:\/\/www.blackeight.com\/en\/flatten-the-curve-acting-responsibly-at-blackeight"]}]},{"@type":"BreadcrumbList","@id":"https:\/\/www.blackeight.com\/en\/flatten-the-curve-acting-responsibly-at-blackeight#breadcrumb","itemListElement":[{"@type":"ListItem","position":1,"name":"Startseite","item":"https:\/\/www.blackeight.com\/en"},{"@type":"ListItem","position":2,"name":"Flatten the Curve: \u00bbActing responsibly\u00ab at Blackeight"}]},{"@type":"WebSite","@id":"https:\/\/www.blackeight.com\/#website","url":"https:\/\/www.blackeight.com\/","name":"BLACKEIGHT - Brand Sparring Partner","description":"","potentialAction":[{"@type":"SearchAction","target":{"@type":"EntryPoint","urlTemplate":"https:\/\/www.blackeight.com\/?s={search_term_string}"},"query-input":{"@type":"PropertyValueSpecification","valueRequired":true,"valueName":"search_term_string"}}],"inLanguage":"en-US"},{"@type":"Person","@id":"https:\/\/www.blackeight.com\/#\/schema\/person\/7bde3d62621563d0ca76fb2f89af0018","name":"Armin Schlamp","description":"Armin Schlamp ist Gr\u00fcnder und Gesch\u00e4ftsf\u00fchrer von Blackeight. Seit \u00fcber 20 Jahren begleitet er als Brand Sparring Partner Menschen und Marken dabei, zukunftsf\u00e4hige Entscheidungen f\u00fcr Ihren nachhaltigen Erfolg zu treffen. Seine Expertise sch\u00f6pft er nicht nur aus seiner Erfahrung als Berater, sondern auch aus langj\u00e4hriger Berufserfahrung in der Industrie, u.a. der T\u00e4tigkeit als CMO in Interimsmandaten.","sameAs":["https:\/\/de.linkedin.com\/in\/armin-schlamp-06a7655a"],"url":"https:\/\/www.blackeight.com\/en\/author\/armin-schlamp"}]}},"_links":{"self":[{"href":"https:\/\/www.blackeight.com\/en\/wp-json\/wp\/v2\/posts\/6300","targetHints":{"allow":["GET"]}}],"collection":[{"href":"https:\/\/www.blackeight.com\/en\/wp-json\/wp\/v2\/posts"}],"about":[{"href":"https:\/\/www.blackeight.com\/en\/wp-json\/wp\/v2\/types\/post"}],"author":[{"embeddable":true,"href":"https:\/\/www.blackeight.com\/en\/wp-json\/wp\/v2\/users\/4"}],"replies":[{"embeddable":true,"href":"https:\/\/www.blackeight.com\/en\/wp-json\/wp\/v2\/comments?post=6300"}],"version-history":[{"count":0,"href":"https:\/\/www.blackeight.com\/en\/wp-json\/wp\/v2\/posts\/6300\/revisions"}],"wp:attachment":[{"href":"https:\/\/www.blackeight.com\/en\/wp-json\/wp\/v2\/media?parent=6300"}],"wp:term":[{"taxonomy":"category","embeddable":true,"href":"https:\/\/www.blackeight.com\/en\/wp-json\/wp\/v2\/categories?post=6300"},{"taxonomy":"post_tag","embeddable":true,"href":"https:\/\/www.blackeight.com\/en\/wp-json\/wp\/v2\/tags?post=6300"},{"taxonomy":"author","embeddable":true,"href":"https:\/\/www.blackeight.com\/en\/wp-json\/wp\/v2\/coauthors?post=6300"}],"curies":[{"name":"wp","href":"https:\/\/api.w.org\/{rel}","templated":true}]}}