{"id":6288,"date":"2019-11-14T21:42:25","date_gmt":"2019-11-14T20:42:25","guid":{"rendered":"https:\/\/www.blackeight.com\/?p=6288"},"modified":"2020-11-16T09:27:04","modified_gmt":"2020-11-16T08:27:04","slug":"branded-architecture-the-vodafone-campus-in-duesseldorf","status":"publish","type":"post","link":"https:\/\/www.blackeight.com\/en\/branded-architecture-the-vodafone-campus-in-duesseldorf","title":{"rendered":"Branded architecture: The Vodafone Campus in D\u00fcsseldorf"},"content":{"rendered":"<p>The article is only available in German.<\/p>\n","protected":false},"excerpt":{"rendered":"<p>The article is only available in German.<\/p>\n","protected":false},"author":4,"featured_media":6940,"comment_status":"closed","ping_status":"closed","sticky":false,"template":"","format":"standard","meta":{"_acf_changed":false,"footnotes":""},"categories":[407,238,409],"tags":[228,410,229,226,227],"coauthors":[193],"class_list":["post-6288","post","type-post","status-publish","format-standard","has-post-thumbnail","hentry","category-armin-schlamp-en-2","category-article-2","category-pressemitteilung-en","tag-blackeight-en","tag-blackeight-en-2","tag-brand-consultancy-en","tag-branded-architecture-en","tag-vodafone-en"],"acf":[],"yoast_head":"<!-- This site is optimized with the Yoast SEO plugin v27.5 - https:\/\/yoast.com\/product\/yoast-seo-wordpress\/ -->\n<title>Branded architecture: The Vodafone Campus in D\u00fcsseldorf - BLACKEIGHT - Brand Sparring Partner<\/title>\n<meta name=\"robots\" content=\"index, follow, max-snippet:-1, max-image-preview:large, max-video-preview:-1\" \/>\n<link rel=\"canonical\" href=\"https:\/\/www.blackeight.com\/en\/branded-architecture-the-vodafone-campus-in-duesseldorf\" \/>\n<meta property=\"og:locale\" content=\"en_US\" \/>\n<meta property=\"og:type\" content=\"article\" \/>\n<meta property=\"og:title\" content=\"Branded architecture: The Vodafone Campus in D\u00fcsseldorf - BLACKEIGHT - Brand Sparring Partner\" \/>\n<meta property=\"og:description\" content=\"The article is only available in German.\" \/>\n<meta property=\"og:url\" content=\"https:\/\/www.blackeight.com\/en\/branded-architecture-the-vodafone-campus-in-duesseldorf\" \/>\n<meta property=\"og:site_name\" content=\"BLACKEIGHT - Brand Sparring Partner\" \/>\n<meta property=\"article:published_time\" content=\"2019-11-14T20:42:25+00:00\" \/>\n<meta property=\"article:modified_time\" content=\"2020-11-16T08:27:04+00:00\" \/>\n<meta property=\"og:image\" content=\"https:\/\/www.blackeight.com\/wp-content\/uploads\/2020\/07\/publikationen-immozeitung-500x462px.png\" \/>\n\t<meta property=\"og:image:width\" content=\"500\" \/>\n\t<meta property=\"og:image:height\" content=\"462\" \/>\n\t<meta property=\"og:image:type\" content=\"image\/png\" \/>\n<meta name=\"author\" content=\"Armin Schlamp\" \/>\n<meta name=\"twitter:card\" content=\"summary_large_image\" \/>\n<meta name=\"twitter:label1\" content=\"Written by\" \/>\n\t<meta name=\"twitter:data1\" content=\"Armin Schlamp\" \/>\n<script type=\"application\/ld+json\" class=\"yoast-schema-graph\">{\"@context\":\"https:\\\/\\\/schema.org\",\"@graph\":[{\"@type\":\"Article\",\"@id\":\"https:\\\/\\\/www.blackeight.com\\\/en\\\/branded-architecture-the-vodafone-campus-in-duesseldorf#article\",\"isPartOf\":{\"@id\":\"https:\\\/\\\/www.blackeight.com\\\/en\\\/branded-architecture-the-vodafone-campus-in-duesseldorf\"},\"author\":{\"name\":\"Armin Schlamp\",\"@id\":\"https:\\\/\\\/www.blackeight.com\\\/#\\\/schema\\\/person\\\/7bde3d62621563d0ca76fb2f89af0018\"},\"headline\":\"Branded architecture: The Vodafone Campus in D\u00fcsseldorf\",\"datePublished\":\"2019-11-14T20:42:25+00:00\",\"dateModified\":\"2020-11-16T08:27:04+00:00\",\"mainEntityOfPage\":{\"@id\":\"https:\\\/\\\/www.blackeight.com\\\/en\\\/branded-architecture-the-vodafone-campus-in-duesseldorf\"},\"wordCount\":15,\"image\":{\"@id\":\"https:\\\/\\\/www.blackeight.com\\\/en\\\/branded-architecture-the-vodafone-campus-in-duesseldorf#primaryimage\"},\"thumbnailUrl\":\"https:\\\/\\\/www.blackeight.com\\\/wp-content\\\/uploads\\\/2020\\\/07\\\/publikationen-immozeitung-500x462px.png\",\"keywords\":[\"Blackeight\",\"Blackeight\",\"brand consultancy\",\"Branded Architecture\",\"Vodafone\"],\"articleSection\":[\"Armin Schlamp\",\"Article\",\"Pressemitteilung\"],\"inLanguage\":\"en-US\"},{\"@type\":\"WebPage\",\"@id\":\"https:\\\/\\\/www.blackeight.com\\\/en\\\/branded-architecture-the-vodafone-campus-in-duesseldorf\",\"url\":\"https:\\\/\\\/www.blackeight.com\\\/en\\\/branded-architecture-the-vodafone-campus-in-duesseldorf\",\"name\":\"Branded architecture: The Vodafone Campus in D\u00fcsseldorf - BLACKEIGHT - Brand Sparring Partner\",\"isPartOf\":{\"@id\":\"https:\\\/\\\/www.blackeight.com\\\/#website\"},\"primaryImageOfPage\":{\"@id\":\"https:\\\/\\\/www.blackeight.com\\\/en\\\/branded-architecture-the-vodafone-campus-in-duesseldorf#primaryimage\"},\"image\":{\"@id\":\"https:\\\/\\\/www.blackeight.com\\\/en\\\/branded-architecture-the-vodafone-campus-in-duesseldorf#primaryimage\"},\"thumbnailUrl\":\"https:\\\/\\\/www.blackeight.com\\\/wp-content\\\/uploads\\\/2020\\\/07\\\/publikationen-immozeitung-500x462px.png\",\"datePublished\":\"2019-11-14T20:42:25+00:00\",\"dateModified\":\"2020-11-16T08:27:04+00:00\",\"author\":{\"@id\":\"https:\\\/\\\/www.blackeight.com\\\/#\\\/schema\\\/person\\\/7bde3d62621563d0ca76fb2f89af0018\"},\"breadcrumb\":{\"@id\":\"https:\\\/\\\/www.blackeight.com\\\/en\\\/branded-architecture-the-vodafone-campus-in-duesseldorf#breadcrumb\"},\"inLanguage\":\"en-US\",\"potentialAction\":[{\"@type\":\"ReadAction\",\"target\":[\"https:\\\/\\\/www.blackeight.com\\\/en\\\/branded-architecture-the-vodafone-campus-in-duesseldorf\"]}]},{\"@type\":\"ImageObject\",\"inLanguage\":\"en-US\",\"@id\":\"https:\\\/\\\/www.blackeight.com\\\/en\\\/branded-architecture-the-vodafone-campus-in-duesseldorf#primaryimage\",\"url\":\"https:\\\/\\\/www.blackeight.com\\\/wp-content\\\/uploads\\\/2020\\\/07\\\/publikationen-immozeitung-500x462px.png\",\"contentUrl\":\"https:\\\/\\\/www.blackeight.com\\\/wp-content\\\/uploads\\\/2020\\\/07\\\/publikationen-immozeitung-500x462px.png\",\"width\":500,\"height\":462,\"caption\":\"Blackeight Immobilienzeitung\"},{\"@type\":\"BreadcrumbList\",\"@id\":\"https:\\\/\\\/www.blackeight.com\\\/en\\\/branded-architecture-the-vodafone-campus-in-duesseldorf#breadcrumb\",\"itemListElement\":[{\"@type\":\"ListItem\",\"position\":1,\"name\":\"Startseite\",\"item\":\"https:\\\/\\\/www.blackeight.com\\\/en\"},{\"@type\":\"ListItem\",\"position\":2,\"name\":\"Branded architecture: The Vodafone Campus in D\u00fcsseldorf\"}]},{\"@type\":\"WebSite\",\"@id\":\"https:\\\/\\\/www.blackeight.com\\\/#website\",\"url\":\"https:\\\/\\\/www.blackeight.com\\\/\",\"name\":\"BLACKEIGHT - Brand Sparring Partner\",\"description\":\"\",\"potentialAction\":[{\"@type\":\"SearchAction\",\"target\":{\"@type\":\"EntryPoint\",\"urlTemplate\":\"https:\\\/\\\/www.blackeight.com\\\/?s={search_term_string}\"},\"query-input\":{\"@type\":\"PropertyValueSpecification\",\"valueRequired\":true,\"valueName\":\"search_term_string\"}}],\"inLanguage\":\"en-US\"},{\"@type\":\"Person\",\"@id\":\"https:\\\/\\\/www.blackeight.com\\\/#\\\/schema\\\/person\\\/7bde3d62621563d0ca76fb2f89af0018\",\"name\":\"Armin Schlamp\",\"description\":\"Armin Schlamp ist Gr\u00fcnder und Gesch\u00e4ftsf\u00fchrer von Blackeight. Seit \u00fcber 20 Jahren begleitet er als Brand Sparring Partner Menschen und Marken dabei, zukunftsf\u00e4hige Entscheidungen f\u00fcr Ihren nachhaltigen Erfolg zu treffen. Seine Expertise sch\u00f6pft er nicht nur aus seiner Erfahrung als Berater, sondern auch aus langj\u00e4hriger Berufserfahrung in der Industrie, u.a. der T\u00e4tigkeit als CMO in Interimsmandaten.\",\"sameAs\":[\"https:\\\/\\\/de.linkedin.com\\\/in\\\/armin-schlamp-06a7655a\"],\"url\":\"https:\\\/\\\/www.blackeight.com\\\/en\\\/author\\\/armin-schlamp\"}]}<\/script>\n<!-- \/ Yoast SEO plugin. -->","yoast_head_json":{"title":"Branded architecture: The Vodafone Campus in D\u00fcsseldorf - BLACKEIGHT - Brand Sparring Partner","robots":{"index":"index","follow":"follow","max-snippet":"max-snippet:-1","max-image-preview":"max-image-preview:large","max-video-preview":"max-video-preview:-1"},"canonical":"https:\/\/www.blackeight.com\/en\/branded-architecture-the-vodafone-campus-in-duesseldorf","og_locale":"en_US","og_type":"article","og_title":"Branded architecture: The Vodafone Campus in D\u00fcsseldorf - BLACKEIGHT - Brand Sparring Partner","og_description":"The article is only available in German.","og_url":"https:\/\/www.blackeight.com\/en\/branded-architecture-the-vodafone-campus-in-duesseldorf","og_site_name":"BLACKEIGHT - Brand Sparring Partner","article_published_time":"2019-11-14T20:42:25+00:00","article_modified_time":"2020-11-16T08:27:04+00:00","og_image":[{"width":500,"height":462,"url":"https:\/\/www.blackeight.com\/wp-content\/uploads\/2020\/07\/publikationen-immozeitung-500x462px.png","type":"image\/png"}],"author":"Armin Schlamp","twitter_card":"summary_large_image","twitter_misc":{"Written by":"Armin Schlamp"},"schema":{"@context":"https:\/\/schema.org","@graph":[{"@type":"Article","@id":"https:\/\/www.blackeight.com\/en\/branded-architecture-the-vodafone-campus-in-duesseldorf#article","isPartOf":{"@id":"https:\/\/www.blackeight.com\/en\/branded-architecture-the-vodafone-campus-in-duesseldorf"},"author":{"name":"Armin Schlamp","@id":"https:\/\/www.blackeight.com\/#\/schema\/person\/7bde3d62621563d0ca76fb2f89af0018"},"headline":"Branded architecture: The Vodafone Campus in D\u00fcsseldorf","datePublished":"2019-11-14T20:42:25+00:00","dateModified":"2020-11-16T08:27:04+00:00","mainEntityOfPage":{"@id":"https:\/\/www.blackeight.com\/en\/branded-architecture-the-vodafone-campus-in-duesseldorf"},"wordCount":15,"image":{"@id":"https:\/\/www.blackeight.com\/en\/branded-architecture-the-vodafone-campus-in-duesseldorf#primaryimage"},"thumbnailUrl":"https:\/\/www.blackeight.com\/wp-content\/uploads\/2020\/07\/publikationen-immozeitung-500x462px.png","keywords":["Blackeight","Blackeight","brand consultancy","Branded Architecture","Vodafone"],"articleSection":["Armin Schlamp","Article","Pressemitteilung"],"inLanguage":"en-US"},{"@type":"WebPage","@id":"https:\/\/www.blackeight.com\/en\/branded-architecture-the-vodafone-campus-in-duesseldorf","url":"https:\/\/www.blackeight.com\/en\/branded-architecture-the-vodafone-campus-in-duesseldorf","name":"Branded architecture: The Vodafone Campus in D\u00fcsseldorf - BLACKEIGHT - Brand Sparring Partner","isPartOf":{"@id":"https:\/\/www.blackeight.com\/#website"},"primaryImageOfPage":{"@id":"https:\/\/www.blackeight.com\/en\/branded-architecture-the-vodafone-campus-in-duesseldorf#primaryimage"},"image":{"@id":"https:\/\/www.blackeight.com\/en\/branded-architecture-the-vodafone-campus-in-duesseldorf#primaryimage"},"thumbnailUrl":"https:\/\/www.blackeight.com\/wp-content\/uploads\/2020\/07\/publikationen-immozeitung-500x462px.png","datePublished":"2019-11-14T20:42:25+00:00","dateModified":"2020-11-16T08:27:04+00:00","author":{"@id":"https:\/\/www.blackeight.com\/#\/schema\/person\/7bde3d62621563d0ca76fb2f89af0018"},"breadcrumb":{"@id":"https:\/\/www.blackeight.com\/en\/branded-architecture-the-vodafone-campus-in-duesseldorf#breadcrumb"},"inLanguage":"en-US","potentialAction":[{"@type":"ReadAction","target":["https:\/\/www.blackeight.com\/en\/branded-architecture-the-vodafone-campus-in-duesseldorf"]}]},{"@type":"ImageObject","inLanguage":"en-US","@id":"https:\/\/www.blackeight.com\/en\/branded-architecture-the-vodafone-campus-in-duesseldorf#primaryimage","url":"https:\/\/www.blackeight.com\/wp-content\/uploads\/2020\/07\/publikationen-immozeitung-500x462px.png","contentUrl":"https:\/\/www.blackeight.com\/wp-content\/uploads\/2020\/07\/publikationen-immozeitung-500x462px.png","width":500,"height":462,"caption":"Blackeight Immobilienzeitung"},{"@type":"BreadcrumbList","@id":"https:\/\/www.blackeight.com\/en\/branded-architecture-the-vodafone-campus-in-duesseldorf#breadcrumb","itemListElement":[{"@type":"ListItem","position":1,"name":"Startseite","item":"https:\/\/www.blackeight.com\/en"},{"@type":"ListItem","position":2,"name":"Branded architecture: The Vodafone Campus in D\u00fcsseldorf"}]},{"@type":"WebSite","@id":"https:\/\/www.blackeight.com\/#website","url":"https:\/\/www.blackeight.com\/","name":"BLACKEIGHT - Brand Sparring Partner","description":"","potentialAction":[{"@type":"SearchAction","target":{"@type":"EntryPoint","urlTemplate":"https:\/\/www.blackeight.com\/?s={search_term_string}"},"query-input":{"@type":"PropertyValueSpecification","valueRequired":true,"valueName":"search_term_string"}}],"inLanguage":"en-US"},{"@type":"Person","@id":"https:\/\/www.blackeight.com\/#\/schema\/person\/7bde3d62621563d0ca76fb2f89af0018","name":"Armin Schlamp","description":"Armin Schlamp ist Gr\u00fcnder und Gesch\u00e4ftsf\u00fchrer von Blackeight. Seit \u00fcber 20 Jahren begleitet er als Brand Sparring Partner Menschen und Marken dabei, zukunftsf\u00e4hige Entscheidungen f\u00fcr Ihren nachhaltigen Erfolg zu treffen. Seine Expertise sch\u00f6pft er nicht nur aus seiner Erfahrung als Berater, sondern auch aus langj\u00e4hriger Berufserfahrung in der Industrie, u.a. der T\u00e4tigkeit als CMO in Interimsmandaten.","sameAs":["https:\/\/de.linkedin.com\/in\/armin-schlamp-06a7655a"],"url":"https:\/\/www.blackeight.com\/en\/author\/armin-schlamp"}]}},"_links":{"self":[{"href":"https:\/\/www.blackeight.com\/en\/wp-json\/wp\/v2\/posts\/6288","targetHints":{"allow":["GET"]}}],"collection":[{"href":"https:\/\/www.blackeight.com\/en\/wp-json\/wp\/v2\/posts"}],"about":[{"href":"https:\/\/www.blackeight.com\/en\/wp-json\/wp\/v2\/types\/post"}],"author":[{"embeddable":true,"href":"https:\/\/www.blackeight.com\/en\/wp-json\/wp\/v2\/users\/4"}],"replies":[{"embeddable":true,"href":"https:\/\/www.blackeight.com\/en\/wp-json\/wp\/v2\/comments?post=6288"}],"version-history":[{"count":0,"href":"https:\/\/www.blackeight.com\/en\/wp-json\/wp\/v2\/posts\/6288\/revisions"}],"wp:featuredmedia":[{"embeddable":true,"href":"https:\/\/www.blackeight.com\/en\/wp-json\/wp\/v2\/media\/6940"}],"wp:attachment":[{"href":"https:\/\/www.blackeight.com\/en\/wp-json\/wp\/v2\/media?parent=6288"}],"wp:term":[{"taxonomy":"category","embeddable":true,"href":"https:\/\/www.blackeight.com\/en\/wp-json\/wp\/v2\/categories?post=6288"},{"taxonomy":"post_tag","embeddable":true,"href":"https:\/\/www.blackeight.com\/en\/wp-json\/wp\/v2\/tags?post=6288"},{"taxonomy":"author","embeddable":true,"href":"https:\/\/www.blackeight.com\/en\/wp-json\/wp\/v2\/coauthors?post=6288"}],"curies":[{"name":"wp","href":"https:\/\/api.w.org\/{rel}","templated":true}]}}