{"id":4784,"date":"2019-06-06T15:18:41","date_gmt":"2019-06-06T13:18:41","guid":{"rendered":"https:\/\/www.blackeight.com\/?p=4784"},"modified":"2024-03-28T16:00:26","modified_gmt":"2024-03-28T15:00:26","slug":"blackeight-visits-oth-regensburg","status":"publish","type":"post","link":"https:\/\/www.blackeight.com\/en\/blackeight-visits-oth-regensburg","title":{"rendered":"Blackeight visits OTH Regensburg"},"content":{"rendered":"<p><img loading=\"lazy\" decoding=\"async\" class=\"alignnone size-full wp-image-4839\" src=\"https:\/\/www.blackeight.com\/wp-content\/uploads\/2019\/07\/62357444_2235108583205660_4830503327869435904_o-e1564148952819.jpg\" alt=\"Blackeight gives exciting insights at OTH Regensburg.\" width=\"1018\" height=\"554\" srcset=\"https:\/\/www.blackeight.com\/wp-content\/uploads\/2019\/07\/62357444_2235108583205660_4830503327869435904_o-e1564148952819.jpg 1018w, https:\/\/www.blackeight.com\/wp-content\/uploads\/2019\/07\/62357444_2235108583205660_4830503327869435904_o-e1564148952819-300x163.jpg 300w, https:\/\/www.blackeight.com\/wp-content\/uploads\/2019\/07\/62357444_2235108583205660_4830503327869435904_o-e1564148952819-768x418.jpg 768w, https:\/\/www.blackeight.com\/wp-content\/uploads\/2019\/07\/62357444_2235108583205660_4830503327869435904_o-e1564148952819-576x313.jpg 576w\" sizes=\"auto, (max-width: 1018px) 100vw, 1018px\" \/><\/p>\n<p>\u00bbA strong brand is more than an attractive logo\u00ab &#8211; Blackeight at OTH Regensburg<\/p>\n<p><span class=\"Apple-converted-space\">\u00a0<\/span><\/p>\n<p>\u00bbWhat are the special challenges in developing and implementing a brand strategy?\u00ab This question had to be answered in the Business Administration Master Course Brand Management with Prof. Dr. Alexander Urban. After an insight into their work at Blackeight, Tamara Ertl and Armin Schlamp intensively discussed brand management issues with thirty students.<\/p>\n<p><span class=\"Apple-converted-space\">\u00a0<\/span><\/p>\n<p>Thanks to Prof. Dr. Alexander Urban for the invitation and to all students for the great discussion!<\/p>\n<p>&nbsp;<\/p>\n","protected":false},"excerpt":{"rendered":"<p>Blackeight gave practical insights at the OTH Regensburg<\/p>\n","protected":false},"author":4,"featured_media":6984,"comment_status":"closed","ping_status":"closed","sticky":false,"template":"","format":"standard","meta":{"_acf_changed":false,"footnotes":""},"categories":[20,238],"tags":[272,30,270,269,271,254],"coauthors":[193,199],"class_list":["post-4784","post","type-post","status-publish","format-standard","has-post-thumbnail","hentry","category-armin-schlamp","category-article-2","tag-alexander-urban-en","tag-blackeight","tag-oth-en","tag-oth-regensburg-en","tag-regensburg-en","tag-university"],"acf":[],"yoast_head":"<!-- This site is optimized with the Yoast SEO plugin v27.5 - https:\/\/yoast.com\/product\/yoast-seo-wordpress\/ -->\n<title>Blackeight visits OTH Regensburg - BLACKEIGHT - Brand Sparring Partner<\/title>\n<meta name=\"description\" content=\"Anna Scheuernstuhl, Alumna of the Pforzheim University, followed the invitation of Prof. Dr. Brigitte Gaiser and paid a visit to her old university.\" \/>\n<meta name=\"robots\" content=\"index, follow, max-snippet:-1, max-image-preview:large, max-video-preview:-1\" \/>\n<link rel=\"canonical\" href=\"https:\/\/www.blackeight.com\/en\/blackeight-visits-oth-regensburg\" \/>\n<meta property=\"og:locale\" content=\"en_US\" \/>\n<meta property=\"og:type\" content=\"article\" \/>\n<meta property=\"og:title\" content=\"Blackeight visits OTH Regensburg - BLACKEIGHT - Brand Sparring Partner\" \/>\n<meta property=\"og:description\" content=\"Anna Scheuernstuhl, Alumna of the Pforzheim University, followed the invitation of Prof. Dr. Brigitte Gaiser and paid a visit to her old university.\" \/>\n<meta property=\"og:url\" content=\"https:\/\/www.blackeight.com\/en\/blackeight-visits-oth-regensburg\" \/>\n<meta property=\"og:site_name\" content=\"BLACKEIGHT - Brand Sparring Partner\" \/>\n<meta property=\"article:published_time\" content=\"2019-06-06T13:18:41+00:00\" \/>\n<meta property=\"article:modified_time\" content=\"2024-03-28T15:00:26+00:00\" \/>\n<meta property=\"og:image\" content=\"https:\/\/www.blackeight.com\/wp-content\/uploads\/2020\/07\/hochschule-oth-500x462px.png\" \/>\n\t<meta property=\"og:image:width\" content=\"500\" \/>\n\t<meta property=\"og:image:height\" content=\"462\" \/>\n\t<meta property=\"og:image:type\" content=\"image\/png\" \/>\n<meta name=\"author\" content=\"Armin Schlamp, Tamara Ertl\" \/>\n<meta name=\"twitter:card\" content=\"summary_large_image\" \/>\n<meta name=\"twitter:label1\" content=\"Written by\" \/>\n\t<meta name=\"twitter:data1\" content=\"Armin Schlamp, Tamara Ertl\" \/>\n<script type=\"application\/ld+json\" class=\"yoast-schema-graph\">{\"@context\":\"https:\\\/\\\/schema.org\",\"@graph\":[{\"@type\":\"Article\",\"@id\":\"https:\\\/\\\/www.blackeight.com\\\/en\\\/blackeight-visits-oth-regensburg#article\",\"isPartOf\":{\"@id\":\"https:\\\/\\\/www.blackeight.com\\\/en\\\/blackeight-visits-oth-regensburg\"},\"author\":{\"name\":\"Armin Schlamp\",\"@id\":\"https:\\\/\\\/www.blackeight.com\\\/#\\\/schema\\\/person\\\/7bde3d62621563d0ca76fb2f89af0018\"},\"headline\":\"Blackeight visits OTH Regensburg\",\"datePublished\":\"2019-06-06T13:18:41+00:00\",\"dateModified\":\"2024-03-28T15:00:26+00:00\",\"mainEntityOfPage\":{\"@id\":\"https:\\\/\\\/www.blackeight.com\\\/en\\\/blackeight-visits-oth-regensburg\"},\"wordCount\":88,\"image\":{\"@id\":\"https:\\\/\\\/www.blackeight.com\\\/en\\\/blackeight-visits-oth-regensburg#primaryimage\"},\"thumbnailUrl\":\"https:\\\/\\\/www.blackeight.com\\\/wp-content\\\/uploads\\\/2020\\\/07\\\/hochschule-oth-500x462px.png\",\"keywords\":[\"Alexander Urban\",\"Blackeight\",\"OTH\",\"OTH Regensburg\",\"Regensburg\",\"university\"],\"articleSection\":[\"Armin Schlamp\",\"Article\"],\"inLanguage\":\"en-US\"},{\"@type\":\"WebPage\",\"@id\":\"https:\\\/\\\/www.blackeight.com\\\/en\\\/blackeight-visits-oth-regensburg\",\"url\":\"https:\\\/\\\/www.blackeight.com\\\/en\\\/blackeight-visits-oth-regensburg\",\"name\":\"Blackeight visits OTH Regensburg - BLACKEIGHT - Brand Sparring Partner\",\"isPartOf\":{\"@id\":\"https:\\\/\\\/www.blackeight.com\\\/#website\"},\"primaryImageOfPage\":{\"@id\":\"https:\\\/\\\/www.blackeight.com\\\/en\\\/blackeight-visits-oth-regensburg#primaryimage\"},\"image\":{\"@id\":\"https:\\\/\\\/www.blackeight.com\\\/en\\\/blackeight-visits-oth-regensburg#primaryimage\"},\"thumbnailUrl\":\"https:\\\/\\\/www.blackeight.com\\\/wp-content\\\/uploads\\\/2020\\\/07\\\/hochschule-oth-500x462px.png\",\"datePublished\":\"2019-06-06T13:18:41+00:00\",\"dateModified\":\"2024-03-28T15:00:26+00:00\",\"author\":{\"@id\":\"https:\\\/\\\/www.blackeight.com\\\/#\\\/schema\\\/person\\\/7bde3d62621563d0ca76fb2f89af0018\"},\"description\":\"Anna Scheuernstuhl, Alumna of the Pforzheim University, followed the invitation of Prof. Dr. Brigitte Gaiser and paid a visit to her old university.\",\"breadcrumb\":{\"@id\":\"https:\\\/\\\/www.blackeight.com\\\/en\\\/blackeight-visits-oth-regensburg#breadcrumb\"},\"inLanguage\":\"en-US\",\"potentialAction\":[{\"@type\":\"ReadAction\",\"target\":[\"https:\\\/\\\/www.blackeight.com\\\/en\\\/blackeight-visits-oth-regensburg\"]}]},{\"@type\":\"ImageObject\",\"inLanguage\":\"en-US\",\"@id\":\"https:\\\/\\\/www.blackeight.com\\\/en\\\/blackeight-visits-oth-regensburg#primaryimage\",\"url\":\"https:\\\/\\\/www.blackeight.com\\\/wp-content\\\/uploads\\\/2020\\\/07\\\/hochschule-oth-500x462px.png\",\"contentUrl\":\"https:\\\/\\\/www.blackeight.com\\\/wp-content\\\/uploads\\\/2020\\\/07\\\/hochschule-oth-500x462px.png\",\"width\":500,\"height\":462,\"caption\":\"Blackeight OTH Regensburg\"},{\"@type\":\"BreadcrumbList\",\"@id\":\"https:\\\/\\\/www.blackeight.com\\\/en\\\/blackeight-visits-oth-regensburg#breadcrumb\",\"itemListElement\":[{\"@type\":\"ListItem\",\"position\":1,\"name\":\"Startseite\",\"item\":\"https:\\\/\\\/www.blackeight.com\\\/en\"},{\"@type\":\"ListItem\",\"position\":2,\"name\":\"Blackeight visits OTH Regensburg\"}]},{\"@type\":\"WebSite\",\"@id\":\"https:\\\/\\\/www.blackeight.com\\\/#website\",\"url\":\"https:\\\/\\\/www.blackeight.com\\\/\",\"name\":\"BLACKEIGHT - Brand Sparring Partner\",\"description\":\"\",\"potentialAction\":[{\"@type\":\"SearchAction\",\"target\":{\"@type\":\"EntryPoint\",\"urlTemplate\":\"https:\\\/\\\/www.blackeight.com\\\/?s={search_term_string}\"},\"query-input\":{\"@type\":\"PropertyValueSpecification\",\"valueRequired\":true,\"valueName\":\"search_term_string\"}}],\"inLanguage\":\"en-US\"},{\"@type\":\"Person\",\"@id\":\"https:\\\/\\\/www.blackeight.com\\\/#\\\/schema\\\/person\\\/7bde3d62621563d0ca76fb2f89af0018\",\"name\":\"Armin Schlamp\",\"description\":\"Armin Schlamp ist Gr\u00fcnder und Gesch\u00e4ftsf\u00fchrer von Blackeight. Seit \u00fcber 20 Jahren begleitet er als Brand Sparring Partner Menschen und Marken dabei, zukunftsf\u00e4hige Entscheidungen f\u00fcr Ihren nachhaltigen Erfolg zu treffen. Seine Expertise sch\u00f6pft er nicht nur aus seiner Erfahrung als Berater, sondern auch aus langj\u00e4hriger Berufserfahrung in der Industrie, u.a. der T\u00e4tigkeit als CMO in Interimsmandaten.\",\"sameAs\":[\"https:\\\/\\\/de.linkedin.com\\\/in\\\/armin-schlamp-06a7655a\"],\"url\":\"https:\\\/\\\/www.blackeight.com\\\/en\\\/author\\\/armin-schlamp\"}]}<\/script>\n<!-- \/ Yoast SEO plugin. -->","yoast_head_json":{"title":"Blackeight visits OTH Regensburg - BLACKEIGHT - Brand Sparring Partner","description":"Anna Scheuernstuhl, Alumna of the Pforzheim University, followed the invitation of Prof. Dr. Brigitte Gaiser and paid a visit to her old university.","robots":{"index":"index","follow":"follow","max-snippet":"max-snippet:-1","max-image-preview":"max-image-preview:large","max-video-preview":"max-video-preview:-1"},"canonical":"https:\/\/www.blackeight.com\/en\/blackeight-visits-oth-regensburg","og_locale":"en_US","og_type":"article","og_title":"Blackeight visits OTH Regensburg - BLACKEIGHT - Brand Sparring Partner","og_description":"Anna Scheuernstuhl, Alumna of the Pforzheim University, followed the invitation of Prof. Dr. Brigitte Gaiser and paid a visit to her old university.","og_url":"https:\/\/www.blackeight.com\/en\/blackeight-visits-oth-regensburg","og_site_name":"BLACKEIGHT - Brand Sparring Partner","article_published_time":"2019-06-06T13:18:41+00:00","article_modified_time":"2024-03-28T15:00:26+00:00","og_image":[{"width":500,"height":462,"url":"https:\/\/www.blackeight.com\/wp-content\/uploads\/2020\/07\/hochschule-oth-500x462px.png","type":"image\/png"}],"author":"Armin Schlamp, Tamara Ertl","twitter_card":"summary_large_image","twitter_misc":{"Written by":"Armin Schlamp, Tamara Ertl"},"schema":{"@context":"https:\/\/schema.org","@graph":[{"@type":"Article","@id":"https:\/\/www.blackeight.com\/en\/blackeight-visits-oth-regensburg#article","isPartOf":{"@id":"https:\/\/www.blackeight.com\/en\/blackeight-visits-oth-regensburg"},"author":{"name":"Armin Schlamp","@id":"https:\/\/www.blackeight.com\/#\/schema\/person\/7bde3d62621563d0ca76fb2f89af0018"},"headline":"Blackeight visits OTH Regensburg","datePublished":"2019-06-06T13:18:41+00:00","dateModified":"2024-03-28T15:00:26+00:00","mainEntityOfPage":{"@id":"https:\/\/www.blackeight.com\/en\/blackeight-visits-oth-regensburg"},"wordCount":88,"image":{"@id":"https:\/\/www.blackeight.com\/en\/blackeight-visits-oth-regensburg#primaryimage"},"thumbnailUrl":"https:\/\/www.blackeight.com\/wp-content\/uploads\/2020\/07\/hochschule-oth-500x462px.png","keywords":["Alexander Urban","Blackeight","OTH","OTH Regensburg","Regensburg","university"],"articleSection":["Armin Schlamp","Article"],"inLanguage":"en-US"},{"@type":"WebPage","@id":"https:\/\/www.blackeight.com\/en\/blackeight-visits-oth-regensburg","url":"https:\/\/www.blackeight.com\/en\/blackeight-visits-oth-regensburg","name":"Blackeight visits OTH Regensburg - BLACKEIGHT - Brand Sparring Partner","isPartOf":{"@id":"https:\/\/www.blackeight.com\/#website"},"primaryImageOfPage":{"@id":"https:\/\/www.blackeight.com\/en\/blackeight-visits-oth-regensburg#primaryimage"},"image":{"@id":"https:\/\/www.blackeight.com\/en\/blackeight-visits-oth-regensburg#primaryimage"},"thumbnailUrl":"https:\/\/www.blackeight.com\/wp-content\/uploads\/2020\/07\/hochschule-oth-500x462px.png","datePublished":"2019-06-06T13:18:41+00:00","dateModified":"2024-03-28T15:00:26+00:00","author":{"@id":"https:\/\/www.blackeight.com\/#\/schema\/person\/7bde3d62621563d0ca76fb2f89af0018"},"description":"Anna Scheuernstuhl, Alumna of the Pforzheim University, followed the invitation of Prof. Dr. Brigitte Gaiser and paid a visit to her old university.","breadcrumb":{"@id":"https:\/\/www.blackeight.com\/en\/blackeight-visits-oth-regensburg#breadcrumb"},"inLanguage":"en-US","potentialAction":[{"@type":"ReadAction","target":["https:\/\/www.blackeight.com\/en\/blackeight-visits-oth-regensburg"]}]},{"@type":"ImageObject","inLanguage":"en-US","@id":"https:\/\/www.blackeight.com\/en\/blackeight-visits-oth-regensburg#primaryimage","url":"https:\/\/www.blackeight.com\/wp-content\/uploads\/2020\/07\/hochschule-oth-500x462px.png","contentUrl":"https:\/\/www.blackeight.com\/wp-content\/uploads\/2020\/07\/hochschule-oth-500x462px.png","width":500,"height":462,"caption":"Blackeight OTH Regensburg"},{"@type":"BreadcrumbList","@id":"https:\/\/www.blackeight.com\/en\/blackeight-visits-oth-regensburg#breadcrumb","itemListElement":[{"@type":"ListItem","position":1,"name":"Startseite","item":"https:\/\/www.blackeight.com\/en"},{"@type":"ListItem","position":2,"name":"Blackeight visits OTH Regensburg"}]},{"@type":"WebSite","@id":"https:\/\/www.blackeight.com\/#website","url":"https:\/\/www.blackeight.com\/","name":"BLACKEIGHT - Brand Sparring Partner","description":"","potentialAction":[{"@type":"SearchAction","target":{"@type":"EntryPoint","urlTemplate":"https:\/\/www.blackeight.com\/?s={search_term_string}"},"query-input":{"@type":"PropertyValueSpecification","valueRequired":true,"valueName":"search_term_string"}}],"inLanguage":"en-US"},{"@type":"Person","@id":"https:\/\/www.blackeight.com\/#\/schema\/person\/7bde3d62621563d0ca76fb2f89af0018","name":"Armin Schlamp","description":"Armin Schlamp ist Gr\u00fcnder und Gesch\u00e4ftsf\u00fchrer von Blackeight. Seit \u00fcber 20 Jahren begleitet er als Brand Sparring Partner Menschen und Marken dabei, zukunftsf\u00e4hige Entscheidungen f\u00fcr Ihren nachhaltigen Erfolg zu treffen. Seine Expertise sch\u00f6pft er nicht nur aus seiner Erfahrung als Berater, sondern auch aus langj\u00e4hriger Berufserfahrung in der Industrie, u.a. der T\u00e4tigkeit als CMO in Interimsmandaten.","sameAs":["https:\/\/de.linkedin.com\/in\/armin-schlamp-06a7655a"],"url":"https:\/\/www.blackeight.com\/en\/author\/armin-schlamp"}]}},"_links":{"self":[{"href":"https:\/\/www.blackeight.com\/en\/wp-json\/wp\/v2\/posts\/4784","targetHints":{"allow":["GET"]}}],"collection":[{"href":"https:\/\/www.blackeight.com\/en\/wp-json\/wp\/v2\/posts"}],"about":[{"href":"https:\/\/www.blackeight.com\/en\/wp-json\/wp\/v2\/types\/post"}],"author":[{"embeddable":true,"href":"https:\/\/www.blackeight.com\/en\/wp-json\/wp\/v2\/users\/4"}],"replies":[{"embeddable":true,"href":"https:\/\/www.blackeight.com\/en\/wp-json\/wp\/v2\/comments?post=4784"}],"version-history":[{"count":1,"href":"https:\/\/www.blackeight.com\/en\/wp-json\/wp\/v2\/posts\/4784\/revisions"}],"predecessor-version":[{"id":9560,"href":"https:\/\/www.blackeight.com\/en\/wp-json\/wp\/v2\/posts\/4784\/revisions\/9560"}],"wp:featuredmedia":[{"embeddable":true,"href":"https:\/\/www.blackeight.com\/en\/wp-json\/wp\/v2\/media\/6984"}],"wp:attachment":[{"href":"https:\/\/www.blackeight.com\/en\/wp-json\/wp\/v2\/media?parent=4784"}],"wp:term":[{"taxonomy":"category","embeddable":true,"href":"https:\/\/www.blackeight.com\/en\/wp-json\/wp\/v2\/categories?post=4784"},{"taxonomy":"post_tag","embeddable":true,"href":"https:\/\/www.blackeight.com\/en\/wp-json\/wp\/v2\/tags?post=4784"},{"taxonomy":"author","embeddable":true,"href":"https:\/\/www.blackeight.com\/en\/wp-json\/wp\/v2\/coauthors?post=4784"}],"curies":[{"name":"wp","href":"https:\/\/api.w.org\/{rel}","templated":true}]}}