{"id":4745,"date":"2019-06-29T08:00:50","date_gmt":"2019-06-29T06:00:50","guid":{"rendered":"https:\/\/www.blackeight.com\/?p=4745"},"modified":"2020-04-23T12:40:00","modified_gmt":"2020-04-23T10:40:00","slug":"blackeight-honoured-as-top-mid-sized-business-consultant","status":"publish","type":"post","link":"https:\/\/www.blackeight.com\/en\/blackeight-honoured-as-top-mid-sized-business-consultant","title":{"rendered":"Blackeight honoured as top mid-sized business consultant"},"content":{"rendered":"<p>The press release is only available in German.<\/p>\n","protected":false},"excerpt":{"rendered":"<p>The Munich-based brand consultancy Blackeight was awarded top consultant status at the 6th German Medium-Sized Business Summit in Frankfurt am Main. Thus Blackeight ranks among the best advisors for the middle class. <\/p>\n","protected":false},"author":4,"featured_media":5886,"comment_status":"closed","ping_status":"closed","sticky":false,"template":"","format":"standard","meta":{"_acf_changed":false,"footnotes":""},"categories":[20,237],"tags":[30,228,259],"coauthors":[193,195],"class_list":["post-4745","post","type-post","status-publish","format-standard","has-post-thumbnail","hentry","category-armin-schlamp","category-press","tag-blackeight","tag-blackeight-en","tag-top-consultant-en"],"acf":[],"yoast_head":"<!-- This site is optimized with the Yoast SEO plugin v27.5 - https:\/\/yoast.com\/product\/yoast-seo-wordpress\/ -->\n<title>Blackeight honoured as top mid-sized business consultant - BLACKEIGHT - Brand Sparring Partner<\/title>\n<meta name=\"description\" content=\"Blackeight expands team with two more brand experts for the new year.\" \/>\n<meta name=\"robots\" content=\"index, follow, max-snippet:-1, max-image-preview:large, max-video-preview:-1\" \/>\n<link rel=\"canonical\" href=\"https:\/\/www.blackeight.com\/en\/blackeight-honoured-as-top-mid-sized-business-consultant\" \/>\n<meta property=\"og:locale\" content=\"en_US\" \/>\n<meta property=\"og:type\" content=\"article\" \/>\n<meta property=\"og:title\" content=\"Blackeight honoured as top mid-sized business consultant - BLACKEIGHT - Brand Sparring Partner\" \/>\n<meta property=\"og:description\" content=\"Blackeight expands team with two more brand experts for the new year.\" \/>\n<meta property=\"og:url\" content=\"https:\/\/www.blackeight.com\/en\/blackeight-honoured-as-top-mid-sized-business-consultant\" \/>\n<meta property=\"og:site_name\" content=\"BLACKEIGHT - Brand Sparring Partner\" \/>\n<meta property=\"article:published_time\" content=\"2019-06-29T06:00:50+00:00\" \/>\n<meta property=\"article:modified_time\" content=\"2020-04-23T10:40:00+00:00\" \/>\n<meta property=\"og:image\" content=\"https:\/\/www.blackeight.com\/wp-content\/uploads\/2020\/03\/blackeight_top-consultant-303x280px.jpg\" \/>\n\t<meta property=\"og:image:width\" content=\"303\" \/>\n\t<meta property=\"og:image:height\" content=\"280\" \/>\n\t<meta property=\"og:image:type\" content=\"image\/jpeg\" \/>\n<meta name=\"author\" content=\"Armin Schlamp, Matthias H\u00fcsgen\" \/>\n<meta name=\"twitter:card\" content=\"summary_large_image\" \/>\n<meta name=\"twitter:label1\" content=\"Written by\" \/>\n\t<meta name=\"twitter:data1\" content=\"Armin Schlamp, Matthias H\u00fcsgen\" \/>\n<script type=\"application\/ld+json\" class=\"yoast-schema-graph\">{\"@context\":\"https:\\\/\\\/schema.org\",\"@graph\":[{\"@type\":\"Article\",\"@id\":\"https:\\\/\\\/www.blackeight.com\\\/en\\\/blackeight-honoured-as-top-mid-sized-business-consultant#article\",\"isPartOf\":{\"@id\":\"https:\\\/\\\/www.blackeight.com\\\/en\\\/blackeight-honoured-as-top-mid-sized-business-consultant\"},\"author\":{\"name\":\"Armin Schlamp\",\"@id\":\"https:\\\/\\\/www.blackeight.com\\\/#\\\/schema\\\/person\\\/7bde3d62621563d0ca76fb2f89af0018\"},\"headline\":\"Blackeight honoured as top mid-sized business consultant\",\"datePublished\":\"2019-06-29T06:00:50+00:00\",\"dateModified\":\"2020-04-23T10:40:00+00:00\",\"mainEntityOfPage\":{\"@id\":\"https:\\\/\\\/www.blackeight.com\\\/en\\\/blackeight-honoured-as-top-mid-sized-business-consultant\"},\"wordCount\":15,\"image\":{\"@id\":\"https:\\\/\\\/www.blackeight.com\\\/en\\\/blackeight-honoured-as-top-mid-sized-business-consultant#primaryimage\"},\"thumbnailUrl\":\"https:\\\/\\\/www.blackeight.com\\\/wp-content\\\/uploads\\\/2020\\\/03\\\/blackeight_top-consultant-303x280px.jpg\",\"keywords\":[\"Blackeight\",\"Blackeight\",\"Top Consultant\"],\"articleSection\":[\"Armin Schlamp\",\"Press\"],\"inLanguage\":\"en-US\"},{\"@type\":\"WebPage\",\"@id\":\"https:\\\/\\\/www.blackeight.com\\\/en\\\/blackeight-honoured-as-top-mid-sized-business-consultant\",\"url\":\"https:\\\/\\\/www.blackeight.com\\\/en\\\/blackeight-honoured-as-top-mid-sized-business-consultant\",\"name\":\"Blackeight honoured as top mid-sized business consultant - BLACKEIGHT - Brand Sparring Partner\",\"isPartOf\":{\"@id\":\"https:\\\/\\\/www.blackeight.com\\\/#website\"},\"primaryImageOfPage\":{\"@id\":\"https:\\\/\\\/www.blackeight.com\\\/en\\\/blackeight-honoured-as-top-mid-sized-business-consultant#primaryimage\"},\"image\":{\"@id\":\"https:\\\/\\\/www.blackeight.com\\\/en\\\/blackeight-honoured-as-top-mid-sized-business-consultant#primaryimage\"},\"thumbnailUrl\":\"https:\\\/\\\/www.blackeight.com\\\/wp-content\\\/uploads\\\/2020\\\/03\\\/blackeight_top-consultant-303x280px.jpg\",\"datePublished\":\"2019-06-29T06:00:50+00:00\",\"dateModified\":\"2020-04-23T10:40:00+00:00\",\"author\":{\"@id\":\"https:\\\/\\\/www.blackeight.com\\\/#\\\/schema\\\/person\\\/7bde3d62621563d0ca76fb2f89af0018\"},\"description\":\"Blackeight expands team with two more brand experts for the new year.\",\"breadcrumb\":{\"@id\":\"https:\\\/\\\/www.blackeight.com\\\/en\\\/blackeight-honoured-as-top-mid-sized-business-consultant#breadcrumb\"},\"inLanguage\":\"en-US\",\"potentialAction\":[{\"@type\":\"ReadAction\",\"target\":[\"https:\\\/\\\/www.blackeight.com\\\/en\\\/blackeight-honoured-as-top-mid-sized-business-consultant\"]}]},{\"@type\":\"ImageObject\",\"inLanguage\":\"en-US\",\"@id\":\"https:\\\/\\\/www.blackeight.com\\\/en\\\/blackeight-honoured-as-top-mid-sized-business-consultant#primaryimage\",\"url\":\"https:\\\/\\\/www.blackeight.com\\\/wp-content\\\/uploads\\\/2020\\\/03\\\/blackeight_top-consultant-303x280px.jpg\",\"contentUrl\":\"https:\\\/\\\/www.blackeight.com\\\/wp-content\\\/uploads\\\/2020\\\/03\\\/blackeight_top-consultant-303x280px.jpg\",\"width\":303,\"height\":280,\"caption\":\"Blackeight Top Consultant\"},{\"@type\":\"BreadcrumbList\",\"@id\":\"https:\\\/\\\/www.blackeight.com\\\/en\\\/blackeight-honoured-as-top-mid-sized-business-consultant#breadcrumb\",\"itemListElement\":[{\"@type\":\"ListItem\",\"position\":1,\"name\":\"Startseite\",\"item\":\"https:\\\/\\\/www.blackeight.com\\\/en\"},{\"@type\":\"ListItem\",\"position\":2,\"name\":\"Blackeight honoured as top mid-sized business consultant\"}]},{\"@type\":\"WebSite\",\"@id\":\"https:\\\/\\\/www.blackeight.com\\\/#website\",\"url\":\"https:\\\/\\\/www.blackeight.com\\\/\",\"name\":\"BLACKEIGHT - Brand Sparring Partner\",\"description\":\"\",\"potentialAction\":[{\"@type\":\"SearchAction\",\"target\":{\"@type\":\"EntryPoint\",\"urlTemplate\":\"https:\\\/\\\/www.blackeight.com\\\/?s={search_term_string}\"},\"query-input\":{\"@type\":\"PropertyValueSpecification\",\"valueRequired\":true,\"valueName\":\"search_term_string\"}}],\"inLanguage\":\"en-US\"},{\"@type\":\"Person\",\"@id\":\"https:\\\/\\\/www.blackeight.com\\\/#\\\/schema\\\/person\\\/7bde3d62621563d0ca76fb2f89af0018\",\"name\":\"Armin Schlamp\",\"description\":\"Armin Schlamp ist Gr\u00fcnder und Gesch\u00e4ftsf\u00fchrer von Blackeight. Seit \u00fcber 20 Jahren begleitet er als Brand Sparring Partner Menschen und Marken dabei, zukunftsf\u00e4hige Entscheidungen f\u00fcr Ihren nachhaltigen Erfolg zu treffen. Seine Expertise sch\u00f6pft er nicht nur aus seiner Erfahrung als Berater, sondern auch aus langj\u00e4hriger Berufserfahrung in der Industrie, u.a. der T\u00e4tigkeit als CMO in Interimsmandaten.\",\"sameAs\":[\"https:\\\/\\\/de.linkedin.com\\\/in\\\/armin-schlamp-06a7655a\"],\"url\":\"https:\\\/\\\/www.blackeight.com\\\/en\\\/author\\\/armin-schlamp\"}]}<\/script>\n<!-- \/ Yoast SEO plugin. -->","yoast_head_json":{"title":"Blackeight honoured as top mid-sized business consultant - BLACKEIGHT - Brand Sparring Partner","description":"Blackeight expands team with two more brand experts for the new year.","robots":{"index":"index","follow":"follow","max-snippet":"max-snippet:-1","max-image-preview":"max-image-preview:large","max-video-preview":"max-video-preview:-1"},"canonical":"https:\/\/www.blackeight.com\/en\/blackeight-honoured-as-top-mid-sized-business-consultant","og_locale":"en_US","og_type":"article","og_title":"Blackeight honoured as top mid-sized business consultant - BLACKEIGHT - Brand Sparring Partner","og_description":"Blackeight expands team with two more brand experts for the new year.","og_url":"https:\/\/www.blackeight.com\/en\/blackeight-honoured-as-top-mid-sized-business-consultant","og_site_name":"BLACKEIGHT - Brand Sparring Partner","article_published_time":"2019-06-29T06:00:50+00:00","article_modified_time":"2020-04-23T10:40:00+00:00","og_image":[{"width":303,"height":280,"url":"https:\/\/www.blackeight.com\/wp-content\/uploads\/2020\/03\/blackeight_top-consultant-303x280px.jpg","type":"image\/jpeg"}],"author":"Armin Schlamp, Matthias H\u00fcsgen","twitter_card":"summary_large_image","twitter_misc":{"Written by":"Armin Schlamp, Matthias H\u00fcsgen"},"schema":{"@context":"https:\/\/schema.org","@graph":[{"@type":"Article","@id":"https:\/\/www.blackeight.com\/en\/blackeight-honoured-as-top-mid-sized-business-consultant#article","isPartOf":{"@id":"https:\/\/www.blackeight.com\/en\/blackeight-honoured-as-top-mid-sized-business-consultant"},"author":{"name":"Armin Schlamp","@id":"https:\/\/www.blackeight.com\/#\/schema\/person\/7bde3d62621563d0ca76fb2f89af0018"},"headline":"Blackeight honoured as top mid-sized business consultant","datePublished":"2019-06-29T06:00:50+00:00","dateModified":"2020-04-23T10:40:00+00:00","mainEntityOfPage":{"@id":"https:\/\/www.blackeight.com\/en\/blackeight-honoured-as-top-mid-sized-business-consultant"},"wordCount":15,"image":{"@id":"https:\/\/www.blackeight.com\/en\/blackeight-honoured-as-top-mid-sized-business-consultant#primaryimage"},"thumbnailUrl":"https:\/\/www.blackeight.com\/wp-content\/uploads\/2020\/03\/blackeight_top-consultant-303x280px.jpg","keywords":["Blackeight","Blackeight","Top Consultant"],"articleSection":["Armin Schlamp","Press"],"inLanguage":"en-US"},{"@type":"WebPage","@id":"https:\/\/www.blackeight.com\/en\/blackeight-honoured-as-top-mid-sized-business-consultant","url":"https:\/\/www.blackeight.com\/en\/blackeight-honoured-as-top-mid-sized-business-consultant","name":"Blackeight honoured as top mid-sized business consultant - BLACKEIGHT - Brand Sparring Partner","isPartOf":{"@id":"https:\/\/www.blackeight.com\/#website"},"primaryImageOfPage":{"@id":"https:\/\/www.blackeight.com\/en\/blackeight-honoured-as-top-mid-sized-business-consultant#primaryimage"},"image":{"@id":"https:\/\/www.blackeight.com\/en\/blackeight-honoured-as-top-mid-sized-business-consultant#primaryimage"},"thumbnailUrl":"https:\/\/www.blackeight.com\/wp-content\/uploads\/2020\/03\/blackeight_top-consultant-303x280px.jpg","datePublished":"2019-06-29T06:00:50+00:00","dateModified":"2020-04-23T10:40:00+00:00","author":{"@id":"https:\/\/www.blackeight.com\/#\/schema\/person\/7bde3d62621563d0ca76fb2f89af0018"},"description":"Blackeight expands team with two more brand experts for the new year.","breadcrumb":{"@id":"https:\/\/www.blackeight.com\/en\/blackeight-honoured-as-top-mid-sized-business-consultant#breadcrumb"},"inLanguage":"en-US","potentialAction":[{"@type":"ReadAction","target":["https:\/\/www.blackeight.com\/en\/blackeight-honoured-as-top-mid-sized-business-consultant"]}]},{"@type":"ImageObject","inLanguage":"en-US","@id":"https:\/\/www.blackeight.com\/en\/blackeight-honoured-as-top-mid-sized-business-consultant#primaryimage","url":"https:\/\/www.blackeight.com\/wp-content\/uploads\/2020\/03\/blackeight_top-consultant-303x280px.jpg","contentUrl":"https:\/\/www.blackeight.com\/wp-content\/uploads\/2020\/03\/blackeight_top-consultant-303x280px.jpg","width":303,"height":280,"caption":"Blackeight Top Consultant"},{"@type":"BreadcrumbList","@id":"https:\/\/www.blackeight.com\/en\/blackeight-honoured-as-top-mid-sized-business-consultant#breadcrumb","itemListElement":[{"@type":"ListItem","position":1,"name":"Startseite","item":"https:\/\/www.blackeight.com\/en"},{"@type":"ListItem","position":2,"name":"Blackeight honoured as top mid-sized business consultant"}]},{"@type":"WebSite","@id":"https:\/\/www.blackeight.com\/#website","url":"https:\/\/www.blackeight.com\/","name":"BLACKEIGHT - Brand Sparring Partner","description":"","potentialAction":[{"@type":"SearchAction","target":{"@type":"EntryPoint","urlTemplate":"https:\/\/www.blackeight.com\/?s={search_term_string}"},"query-input":{"@type":"PropertyValueSpecification","valueRequired":true,"valueName":"search_term_string"}}],"inLanguage":"en-US"},{"@type":"Person","@id":"https:\/\/www.blackeight.com\/#\/schema\/person\/7bde3d62621563d0ca76fb2f89af0018","name":"Armin Schlamp","description":"Armin Schlamp ist Gr\u00fcnder und Gesch\u00e4ftsf\u00fchrer von Blackeight. Seit \u00fcber 20 Jahren begleitet er als Brand Sparring Partner Menschen und Marken dabei, zukunftsf\u00e4hige Entscheidungen f\u00fcr Ihren nachhaltigen Erfolg zu treffen. Seine Expertise sch\u00f6pft er nicht nur aus seiner Erfahrung als Berater, sondern auch aus langj\u00e4hriger Berufserfahrung in der Industrie, u.a. der T\u00e4tigkeit als CMO in Interimsmandaten.","sameAs":["https:\/\/de.linkedin.com\/in\/armin-schlamp-06a7655a"],"url":"https:\/\/www.blackeight.com\/en\/author\/armin-schlamp"}]}},"_links":{"self":[{"href":"https:\/\/www.blackeight.com\/en\/wp-json\/wp\/v2\/posts\/4745","targetHints":{"allow":["GET"]}}],"collection":[{"href":"https:\/\/www.blackeight.com\/en\/wp-json\/wp\/v2\/posts"}],"about":[{"href":"https:\/\/www.blackeight.com\/en\/wp-json\/wp\/v2\/types\/post"}],"author":[{"embeddable":true,"href":"https:\/\/www.blackeight.com\/en\/wp-json\/wp\/v2\/users\/4"}],"replies":[{"embeddable":true,"href":"https:\/\/www.blackeight.com\/en\/wp-json\/wp\/v2\/comments?post=4745"}],"version-history":[{"count":0,"href":"https:\/\/www.blackeight.com\/en\/wp-json\/wp\/v2\/posts\/4745\/revisions"}],"wp:featuredmedia":[{"embeddable":true,"href":"https:\/\/www.blackeight.com\/en\/wp-json\/wp\/v2\/media\/5886"}],"wp:attachment":[{"href":"https:\/\/www.blackeight.com\/en\/wp-json\/wp\/v2\/media?parent=4745"}],"wp:term":[{"taxonomy":"category","embeddable":true,"href":"https:\/\/www.blackeight.com\/en\/wp-json\/wp\/v2\/categories?post=4745"},{"taxonomy":"post_tag","embeddable":true,"href":"https:\/\/www.blackeight.com\/en\/wp-json\/wp\/v2\/tags?post=4745"},{"taxonomy":"author","embeddable":true,"href":"https:\/\/www.blackeight.com\/en\/wp-json\/wp\/v2\/coauthors?post=4745"}],"curies":[{"name":"wp","href":"https:\/\/api.w.org\/{rel}","templated":true}]}}