{"id":4612,"date":"2019-04-08T16:25:43","date_gmt":"2019-04-08T14:25:43","guid":{"rendered":"https:\/\/www.blackeight.com\/?p=4612"},"modified":"2020-04-23T12:49:55","modified_gmt":"2020-04-23T10:49:55","slug":"blackeight-gets-double-reinforcement","status":"publish","type":"post","link":"https:\/\/www.blackeight.com\/en\/blackeight-gets-double-reinforcement","title":{"rendered":"Blackeight gets double reinforcement and expands its Brand Merger &#038; Migration division"},"content":{"rendered":"<p>The press release is only available in German.<\/p>\n","protected":false},"excerpt":{"rendered":"<p>The Munich brand consultancy Blackeight is on a growth course and is getting double reinforcement with Lisa Wagner and Christof Quasten. <\/p>\n","protected":false},"author":4,"featured_media":0,"comment_status":"closed","ping_status":"closed","sticky":false,"template":"","format":"standard","meta":{"_acf_changed":false,"footnotes":""},"categories":[407,408,237,409],"tags":[228,410,276,275],"coauthors":[193,195],"class_list":["post-4612","post","type-post","status-publish","format-standard","hentry","category-armin-schlamp-en-2","category-matthias-huesgen-en-2","category-press","category-pressemitteilung-en","tag-blackeight-en","tag-blackeight-en-2","tag-christof-quasten-en","tag-lisa-wagner-en"],"acf":[],"yoast_head":"<!-- This site is optimized with the Yoast SEO plugin v27.5 - https:\/\/yoast.com\/product\/yoast-seo-wordpress\/ -->\n<title>Blackeight gets double reinforcement and expands its Brand Merger &amp; Migration division - BLACKEIGHT - Brand Sparring Partner<\/title>\n<meta name=\"description\" content=\"Blackeight expands team with two more brand experts for the new year.\" \/>\n<meta name=\"robots\" content=\"index, follow, max-snippet:-1, max-image-preview:large, max-video-preview:-1\" \/>\n<link rel=\"canonical\" href=\"https:\/\/www.blackeight.com\/en\/blackeight-gets-double-reinforcement\" \/>\n<meta property=\"og:locale\" content=\"en_US\" \/>\n<meta property=\"og:type\" content=\"article\" \/>\n<meta property=\"og:title\" content=\"Blackeight gets double reinforcement and expands its Brand Merger &amp; Migration division - BLACKEIGHT - Brand Sparring Partner\" \/>\n<meta property=\"og:description\" content=\"Blackeight expands team with two more brand experts for the new year.\" \/>\n<meta property=\"og:url\" content=\"https:\/\/www.blackeight.com\/en\/blackeight-gets-double-reinforcement\" \/>\n<meta property=\"og:site_name\" content=\"BLACKEIGHT - Brand Sparring Partner\" \/>\n<meta property=\"article:published_time\" content=\"2019-04-08T14:25:43+00:00\" \/>\n<meta property=\"article:modified_time\" content=\"2020-04-23T10:49:55+00:00\" \/>\n<meta name=\"author\" content=\"Armin Schlamp, Matthias H\u00fcsgen\" \/>\n<meta name=\"twitter:card\" content=\"summary_large_image\" \/>\n<meta name=\"twitter:label1\" content=\"Written by\" \/>\n\t<meta name=\"twitter:data1\" content=\"Armin Schlamp, Matthias H\u00fcsgen\" \/>\n<script type=\"application\/ld+json\" class=\"yoast-schema-graph\">{\"@context\":\"https:\\\/\\\/schema.org\",\"@graph\":[{\"@type\":\"Article\",\"@id\":\"https:\\\/\\\/www.blackeight.com\\\/en\\\/blackeight-gets-double-reinforcement#article\",\"isPartOf\":{\"@id\":\"https:\\\/\\\/www.blackeight.com\\\/en\\\/blackeight-gets-double-reinforcement\"},\"author\":{\"name\":\"Armin Schlamp\",\"@id\":\"https:\\\/\\\/www.blackeight.com\\\/#\\\/schema\\\/person\\\/7bde3d62621563d0ca76fb2f89af0018\"},\"headline\":\"Blackeight gets double reinforcement and expands its Brand Merger &#038; Migration division\",\"datePublished\":\"2019-04-08T14:25:43+00:00\",\"dateModified\":\"2020-04-23T10:49:55+00:00\",\"mainEntityOfPage\":{\"@id\":\"https:\\\/\\\/www.blackeight.com\\\/en\\\/blackeight-gets-double-reinforcement\"},\"wordCount\":19,\"keywords\":[\"Blackeight\",\"Blackeight\",\"Christof Quasten\",\"Lisa Wagner\"],\"articleSection\":[\"Armin Schlamp\",\"Matthias H\u00fcsgen\",\"Press\",\"Pressemitteilung\"],\"inLanguage\":\"en-US\"},{\"@type\":\"WebPage\",\"@id\":\"https:\\\/\\\/www.blackeight.com\\\/en\\\/blackeight-gets-double-reinforcement\",\"url\":\"https:\\\/\\\/www.blackeight.com\\\/en\\\/blackeight-gets-double-reinforcement\",\"name\":\"Blackeight gets double reinforcement and expands its Brand Merger & Migration division - BLACKEIGHT - Brand Sparring Partner\",\"isPartOf\":{\"@id\":\"https:\\\/\\\/www.blackeight.com\\\/#website\"},\"datePublished\":\"2019-04-08T14:25:43+00:00\",\"dateModified\":\"2020-04-23T10:49:55+00:00\",\"author\":{\"@id\":\"https:\\\/\\\/www.blackeight.com\\\/#\\\/schema\\\/person\\\/7bde3d62621563d0ca76fb2f89af0018\"},\"description\":\"Blackeight expands team with two more brand experts for the new year.\",\"breadcrumb\":{\"@id\":\"https:\\\/\\\/www.blackeight.com\\\/en\\\/blackeight-gets-double-reinforcement#breadcrumb\"},\"inLanguage\":\"en-US\",\"potentialAction\":[{\"@type\":\"ReadAction\",\"target\":[\"https:\\\/\\\/www.blackeight.com\\\/en\\\/blackeight-gets-double-reinforcement\"]}]},{\"@type\":\"BreadcrumbList\",\"@id\":\"https:\\\/\\\/www.blackeight.com\\\/en\\\/blackeight-gets-double-reinforcement#breadcrumb\",\"itemListElement\":[{\"@type\":\"ListItem\",\"position\":1,\"name\":\"Startseite\",\"item\":\"https:\\\/\\\/www.blackeight.com\\\/en\"},{\"@type\":\"ListItem\",\"position\":2,\"name\":\"Blackeight gets double reinforcement and expands its Brand Merger &#038; Migration division\"}]},{\"@type\":\"WebSite\",\"@id\":\"https:\\\/\\\/www.blackeight.com\\\/#website\",\"url\":\"https:\\\/\\\/www.blackeight.com\\\/\",\"name\":\"BLACKEIGHT - Brand Sparring Partner\",\"description\":\"\",\"potentialAction\":[{\"@type\":\"SearchAction\",\"target\":{\"@type\":\"EntryPoint\",\"urlTemplate\":\"https:\\\/\\\/www.blackeight.com\\\/?s={search_term_string}\"},\"query-input\":{\"@type\":\"PropertyValueSpecification\",\"valueRequired\":true,\"valueName\":\"search_term_string\"}}],\"inLanguage\":\"en-US\"},{\"@type\":\"Person\",\"@id\":\"https:\\\/\\\/www.blackeight.com\\\/#\\\/schema\\\/person\\\/7bde3d62621563d0ca76fb2f89af0018\",\"name\":\"Armin Schlamp\",\"description\":\"Armin Schlamp ist Gr\u00fcnder und Gesch\u00e4ftsf\u00fchrer von Blackeight. Seit \u00fcber 20 Jahren begleitet er als Brand Sparring Partner Menschen und Marken dabei, zukunftsf\u00e4hige Entscheidungen f\u00fcr Ihren nachhaltigen Erfolg zu treffen. Seine Expertise sch\u00f6pft er nicht nur aus seiner Erfahrung als Berater, sondern auch aus langj\u00e4hriger Berufserfahrung in der Industrie, u.a. der T\u00e4tigkeit als CMO in Interimsmandaten.\",\"sameAs\":[\"https:\\\/\\\/de.linkedin.com\\\/in\\\/armin-schlamp-06a7655a\"],\"url\":\"https:\\\/\\\/www.blackeight.com\\\/en\\\/author\\\/armin-schlamp\"}]}<\/script>\n<!-- \/ Yoast SEO plugin. -->","yoast_head_json":{"title":"Blackeight gets double reinforcement and expands its Brand Merger & Migration division - BLACKEIGHT - Brand Sparring Partner","description":"Blackeight expands team with two more brand experts for the new year.","robots":{"index":"index","follow":"follow","max-snippet":"max-snippet:-1","max-image-preview":"max-image-preview:large","max-video-preview":"max-video-preview:-1"},"canonical":"https:\/\/www.blackeight.com\/en\/blackeight-gets-double-reinforcement","og_locale":"en_US","og_type":"article","og_title":"Blackeight gets double reinforcement and expands its Brand Merger & Migration division - BLACKEIGHT - Brand Sparring Partner","og_description":"Blackeight expands team with two more brand experts for the new year.","og_url":"https:\/\/www.blackeight.com\/en\/blackeight-gets-double-reinforcement","og_site_name":"BLACKEIGHT - Brand Sparring Partner","article_published_time":"2019-04-08T14:25:43+00:00","article_modified_time":"2020-04-23T10:49:55+00:00","author":"Armin Schlamp, Matthias H\u00fcsgen","twitter_card":"summary_large_image","twitter_misc":{"Written by":"Armin Schlamp, Matthias H\u00fcsgen"},"schema":{"@context":"https:\/\/schema.org","@graph":[{"@type":"Article","@id":"https:\/\/www.blackeight.com\/en\/blackeight-gets-double-reinforcement#article","isPartOf":{"@id":"https:\/\/www.blackeight.com\/en\/blackeight-gets-double-reinforcement"},"author":{"name":"Armin Schlamp","@id":"https:\/\/www.blackeight.com\/#\/schema\/person\/7bde3d62621563d0ca76fb2f89af0018"},"headline":"Blackeight gets double reinforcement and expands its Brand Merger &#038; Migration division","datePublished":"2019-04-08T14:25:43+00:00","dateModified":"2020-04-23T10:49:55+00:00","mainEntityOfPage":{"@id":"https:\/\/www.blackeight.com\/en\/blackeight-gets-double-reinforcement"},"wordCount":19,"keywords":["Blackeight","Blackeight","Christof Quasten","Lisa Wagner"],"articleSection":["Armin Schlamp","Matthias H\u00fcsgen","Press","Pressemitteilung"],"inLanguage":"en-US"},{"@type":"WebPage","@id":"https:\/\/www.blackeight.com\/en\/blackeight-gets-double-reinforcement","url":"https:\/\/www.blackeight.com\/en\/blackeight-gets-double-reinforcement","name":"Blackeight gets double reinforcement and expands its Brand Merger & Migration division - BLACKEIGHT - Brand Sparring Partner","isPartOf":{"@id":"https:\/\/www.blackeight.com\/#website"},"datePublished":"2019-04-08T14:25:43+00:00","dateModified":"2020-04-23T10:49:55+00:00","author":{"@id":"https:\/\/www.blackeight.com\/#\/schema\/person\/7bde3d62621563d0ca76fb2f89af0018"},"description":"Blackeight expands team with two more brand experts for the new year.","breadcrumb":{"@id":"https:\/\/www.blackeight.com\/en\/blackeight-gets-double-reinforcement#breadcrumb"},"inLanguage":"en-US","potentialAction":[{"@type":"ReadAction","target":["https:\/\/www.blackeight.com\/en\/blackeight-gets-double-reinforcement"]}]},{"@type":"BreadcrumbList","@id":"https:\/\/www.blackeight.com\/en\/blackeight-gets-double-reinforcement#breadcrumb","itemListElement":[{"@type":"ListItem","position":1,"name":"Startseite","item":"https:\/\/www.blackeight.com\/en"},{"@type":"ListItem","position":2,"name":"Blackeight gets double reinforcement and expands its Brand Merger &#038; Migration division"}]},{"@type":"WebSite","@id":"https:\/\/www.blackeight.com\/#website","url":"https:\/\/www.blackeight.com\/","name":"BLACKEIGHT - Brand Sparring Partner","description":"","potentialAction":[{"@type":"SearchAction","target":{"@type":"EntryPoint","urlTemplate":"https:\/\/www.blackeight.com\/?s={search_term_string}"},"query-input":{"@type":"PropertyValueSpecification","valueRequired":true,"valueName":"search_term_string"}}],"inLanguage":"en-US"},{"@type":"Person","@id":"https:\/\/www.blackeight.com\/#\/schema\/person\/7bde3d62621563d0ca76fb2f89af0018","name":"Armin Schlamp","description":"Armin Schlamp ist Gr\u00fcnder und Gesch\u00e4ftsf\u00fchrer von Blackeight. Seit \u00fcber 20 Jahren begleitet er als Brand Sparring Partner Menschen und Marken dabei, zukunftsf\u00e4hige Entscheidungen f\u00fcr Ihren nachhaltigen Erfolg zu treffen. Seine Expertise sch\u00f6pft er nicht nur aus seiner Erfahrung als Berater, sondern auch aus langj\u00e4hriger Berufserfahrung in der Industrie, u.a. der T\u00e4tigkeit als CMO in Interimsmandaten.","sameAs":["https:\/\/de.linkedin.com\/in\/armin-schlamp-06a7655a"],"url":"https:\/\/www.blackeight.com\/en\/author\/armin-schlamp"}]}},"_links":{"self":[{"href":"https:\/\/www.blackeight.com\/en\/wp-json\/wp\/v2\/posts\/4612","targetHints":{"allow":["GET"]}}],"collection":[{"href":"https:\/\/www.blackeight.com\/en\/wp-json\/wp\/v2\/posts"}],"about":[{"href":"https:\/\/www.blackeight.com\/en\/wp-json\/wp\/v2\/types\/post"}],"author":[{"embeddable":true,"href":"https:\/\/www.blackeight.com\/en\/wp-json\/wp\/v2\/users\/4"}],"replies":[{"embeddable":true,"href":"https:\/\/www.blackeight.com\/en\/wp-json\/wp\/v2\/comments?post=4612"}],"version-history":[{"count":0,"href":"https:\/\/www.blackeight.com\/en\/wp-json\/wp\/v2\/posts\/4612\/revisions"}],"wp:attachment":[{"href":"https:\/\/www.blackeight.com\/en\/wp-json\/wp\/v2\/media?parent=4612"}],"wp:term":[{"taxonomy":"category","embeddable":true,"href":"https:\/\/www.blackeight.com\/en\/wp-json\/wp\/v2\/categories?post=4612"},{"taxonomy":"post_tag","embeddable":true,"href":"https:\/\/www.blackeight.com\/en\/wp-json\/wp\/v2\/tags?post=4612"},{"taxonomy":"author","embeddable":true,"href":"https:\/\/www.blackeight.com\/en\/wp-json\/wp\/v2\/coauthors?post=4612"}],"curies":[{"name":"wp","href":"https:\/\/api.w.org\/{rel}","templated":true}]}}