{"id":4185,"date":"2018-03-21T14:01:16","date_gmt":"2018-03-21T13:01:16","guid":{"rendered":"https:\/\/www.blackeight.com\/?p=4185"},"modified":"2020-04-23T13:18:03","modified_gmt":"2020-04-23T11:18:03","slug":"sharpening-a-brand-in-generational-change-2","status":"publish","type":"post","link":"https:\/\/www.blackeight.com\/en\/sharpening-a-brand-in-generational-change-2","title":{"rendered":"Elementary impulse on \u00bbBrand Driven Companies\u00ab"},"content":{"rendered":"<p>This article is only available in German.<\/p>\n","protected":false},"excerpt":{"rendered":"<p>Live brand sparring at top management level: Together with managing directors, board members and brand decision-makers, we discussed current challenges, opportunities and success stories of brand-centric corporate management<\/p>\n","protected":false},"author":4,"featured_media":4186,"comment_status":"closed","ping_status":"open","sticky":false,"template":"","format":"standard","meta":{"_acf_changed":false,"footnotes":""},"categories":[20,237],"tags":[30,291,290],"coauthors":[193,195],"class_list":["post-4185","post","type-post","status-publish","format-standard","has-post-thumbnail","hentry","category-armin-schlamp","category-press","tag-blackeight","tag-brand-driven-companies","tag-elementary-impulses"],"acf":[],"yoast_head":"<!-- This site is optimized with the Yoast SEO plugin v27.5 - https:\/\/yoast.com\/product\/yoast-seo-wordpress\/ -->\n<title>Elementary impulse on \u00bbBrand Driven Companies\u00ab - BLACKEIGHT - Brand Sparring Partner<\/title>\n<meta name=\"description\" content=\"Live brand sparring at top management level: Together with managing directors, board members and brand decision-makers, we discussed current challenges, opportunities and success stories of brand-centric corporate management.\" \/>\n<meta name=\"robots\" content=\"index, follow, max-snippet:-1, max-image-preview:large, max-video-preview:-1\" \/>\n<link rel=\"canonical\" href=\"https:\/\/www.blackeight.com\/en\/sharpening-a-brand-in-generational-change-2\" \/>\n<meta property=\"og:locale\" content=\"en_US\" \/>\n<meta property=\"og:type\" content=\"article\" \/>\n<meta property=\"og:title\" content=\"Elementary impulse on \u00bbBrand Driven Companies\u00ab - BLACKEIGHT - Brand Sparring Partner\" \/>\n<meta property=\"og:description\" content=\"Live brand sparring at top management level: Together with managing directors, board members and brand decision-makers, we discussed current challenges, opportunities and success stories of brand-centric corporate management.\" \/>\n<meta property=\"og:url\" content=\"https:\/\/www.blackeight.com\/en\/sharpening-a-brand-in-generational-change-2\" \/>\n<meta property=\"og:site_name\" content=\"BLACKEIGHT - Brand Sparring Partner\" \/>\n<meta property=\"article:published_time\" content=\"2018-03-21T13:01:16+00:00\" \/>\n<meta property=\"article:modified_time\" content=\"2020-04-23T11:18:03+00:00\" \/>\n<meta property=\"og:image\" content=\"https:\/\/www.blackeight.com\/wp-content\/uploads\/2018\/03\/Blackeight_Elementare_Impulse.png\" \/>\n\t<meta property=\"og:image:width\" content=\"680\" \/>\n\t<meta property=\"og:image:height\" content=\"170\" \/>\n\t<meta property=\"og:image:type\" content=\"image\/png\" \/>\n<meta name=\"author\" content=\"Armin Schlamp, Matthias H\u00fcsgen\" \/>\n<meta name=\"twitter:card\" content=\"summary_large_image\" \/>\n<meta name=\"twitter:label1\" content=\"Written by\" \/>\n\t<meta name=\"twitter:data1\" content=\"Armin Schlamp, Matthias H\u00fcsgen\" \/>\n<script type=\"application\/ld+json\" class=\"yoast-schema-graph\">{\"@context\":\"https:\\\/\\\/schema.org\",\"@graph\":[{\"@type\":\"Article\",\"@id\":\"https:\\\/\\\/www.blackeight.com\\\/en\\\/sharpening-a-brand-in-generational-change-2#article\",\"isPartOf\":{\"@id\":\"https:\\\/\\\/www.blackeight.com\\\/en\\\/sharpening-a-brand-in-generational-change-2\"},\"author\":{\"name\":\"Armin Schlamp\",\"@id\":\"https:\\\/\\\/www.blackeight.com\\\/#\\\/schema\\\/person\\\/7bde3d62621563d0ca76fb2f89af0018\"},\"headline\":\"Elementary impulse on \u00bbBrand Driven Companies\u00ab\",\"datePublished\":\"2018-03-21T13:01:16+00:00\",\"dateModified\":\"2020-04-23T11:18:03+00:00\",\"mainEntityOfPage\":{\"@id\":\"https:\\\/\\\/www.blackeight.com\\\/en\\\/sharpening-a-brand-in-generational-change-2\"},\"wordCount\":13,\"image\":{\"@id\":\"https:\\\/\\\/www.blackeight.com\\\/en\\\/sharpening-a-brand-in-generational-change-2#primaryimage\"},\"thumbnailUrl\":\"https:\\\/\\\/www.blackeight.com\\\/wp-content\\\/uploads\\\/2018\\\/03\\\/Blackeight_Elementare_Impulse.png\",\"keywords\":[\"Blackeight\",\"brand driven companies\",\"elementary impulses\"],\"articleSection\":[\"Armin Schlamp\",\"Press\"],\"inLanguage\":\"en-US\"},{\"@type\":\"WebPage\",\"@id\":\"https:\\\/\\\/www.blackeight.com\\\/en\\\/sharpening-a-brand-in-generational-change-2\",\"url\":\"https:\\\/\\\/www.blackeight.com\\\/en\\\/sharpening-a-brand-in-generational-change-2\",\"name\":\"Elementary impulse on \u00bbBrand Driven Companies\u00ab - BLACKEIGHT - Brand Sparring Partner\",\"isPartOf\":{\"@id\":\"https:\\\/\\\/www.blackeight.com\\\/#website\"},\"primaryImageOfPage\":{\"@id\":\"https:\\\/\\\/www.blackeight.com\\\/en\\\/sharpening-a-brand-in-generational-change-2#primaryimage\"},\"image\":{\"@id\":\"https:\\\/\\\/www.blackeight.com\\\/en\\\/sharpening-a-brand-in-generational-change-2#primaryimage\"},\"thumbnailUrl\":\"https:\\\/\\\/www.blackeight.com\\\/wp-content\\\/uploads\\\/2018\\\/03\\\/Blackeight_Elementare_Impulse.png\",\"datePublished\":\"2018-03-21T13:01:16+00:00\",\"dateModified\":\"2020-04-23T11:18:03+00:00\",\"author\":{\"@id\":\"https:\\\/\\\/www.blackeight.com\\\/#\\\/schema\\\/person\\\/7bde3d62621563d0ca76fb2f89af0018\"},\"description\":\"Live brand sparring at top management level: Together with managing directors, board members and brand decision-makers, we discussed current challenges, opportunities and success stories of brand-centric corporate management.\",\"breadcrumb\":{\"@id\":\"https:\\\/\\\/www.blackeight.com\\\/en\\\/sharpening-a-brand-in-generational-change-2#breadcrumb\"},\"inLanguage\":\"en-US\",\"potentialAction\":[{\"@type\":\"ReadAction\",\"target\":[\"https:\\\/\\\/www.blackeight.com\\\/en\\\/sharpening-a-brand-in-generational-change-2\"]}]},{\"@type\":\"ImageObject\",\"inLanguage\":\"en-US\",\"@id\":\"https:\\\/\\\/www.blackeight.com\\\/en\\\/sharpening-a-brand-in-generational-change-2#primaryimage\",\"url\":\"https:\\\/\\\/www.blackeight.com\\\/wp-content\\\/uploads\\\/2018\\\/03\\\/Blackeight_Elementare_Impulse.png\",\"contentUrl\":\"https:\\\/\\\/www.blackeight.com\\\/wp-content\\\/uploads\\\/2018\\\/03\\\/Blackeight_Elementare_Impulse.png\",\"width\":680,\"height\":170,\"caption\":\"Gemeinsam mit Gesch\u00e4ftsf\u00fchrern, Vorst\u00e4nden und Markenentscheidern tauschte die M\u00fcnchner Markenberatung Blackeight sich \u00fcber aktuelle Herausforderungen aus und er\u00f6rterten Chancen und Erfolgsbeispiele markenzentrierter Unternehmensf\u00fchrung.\"},{\"@type\":\"BreadcrumbList\",\"@id\":\"https:\\\/\\\/www.blackeight.com\\\/en\\\/sharpening-a-brand-in-generational-change-2#breadcrumb\",\"itemListElement\":[{\"@type\":\"ListItem\",\"position\":1,\"name\":\"Startseite\",\"item\":\"https:\\\/\\\/www.blackeight.com\\\/en\"},{\"@type\":\"ListItem\",\"position\":2,\"name\":\"Elementary impulse on \u00bbBrand Driven Companies\u00ab\"}]},{\"@type\":\"WebSite\",\"@id\":\"https:\\\/\\\/www.blackeight.com\\\/#website\",\"url\":\"https:\\\/\\\/www.blackeight.com\\\/\",\"name\":\"BLACKEIGHT - Brand Sparring Partner\",\"description\":\"\",\"potentialAction\":[{\"@type\":\"SearchAction\",\"target\":{\"@type\":\"EntryPoint\",\"urlTemplate\":\"https:\\\/\\\/www.blackeight.com\\\/?s={search_term_string}\"},\"query-input\":{\"@type\":\"PropertyValueSpecification\",\"valueRequired\":true,\"valueName\":\"search_term_string\"}}],\"inLanguage\":\"en-US\"},{\"@type\":\"Person\",\"@id\":\"https:\\\/\\\/www.blackeight.com\\\/#\\\/schema\\\/person\\\/7bde3d62621563d0ca76fb2f89af0018\",\"name\":\"Armin Schlamp\",\"description\":\"Armin Schlamp ist Gr\u00fcnder und Gesch\u00e4ftsf\u00fchrer von Blackeight. Seit \u00fcber 20 Jahren begleitet er als Brand Sparring Partner Menschen und Marken dabei, zukunftsf\u00e4hige Entscheidungen f\u00fcr Ihren nachhaltigen Erfolg zu treffen. Seine Expertise sch\u00f6pft er nicht nur aus seiner Erfahrung als Berater, sondern auch aus langj\u00e4hriger Berufserfahrung in der Industrie, u.a. der T\u00e4tigkeit als CMO in Interimsmandaten.\",\"sameAs\":[\"https:\\\/\\\/de.linkedin.com\\\/in\\\/armin-schlamp-06a7655a\"],\"url\":\"https:\\\/\\\/www.blackeight.com\\\/en\\\/author\\\/armin-schlamp\"}]}<\/script>\n<!-- \/ Yoast SEO plugin. -->","yoast_head_json":{"title":"Elementary impulse on \u00bbBrand Driven Companies\u00ab - BLACKEIGHT - Brand Sparring Partner","description":"Live brand sparring at top management level: Together with managing directors, board members and brand decision-makers, we discussed current challenges, opportunities and success stories of brand-centric corporate management.","robots":{"index":"index","follow":"follow","max-snippet":"max-snippet:-1","max-image-preview":"max-image-preview:large","max-video-preview":"max-video-preview:-1"},"canonical":"https:\/\/www.blackeight.com\/en\/sharpening-a-brand-in-generational-change-2","og_locale":"en_US","og_type":"article","og_title":"Elementary impulse on \u00bbBrand Driven Companies\u00ab - BLACKEIGHT - Brand Sparring Partner","og_description":"Live brand sparring at top management level: Together with managing directors, board members and brand decision-makers, we discussed current challenges, opportunities and success stories of brand-centric corporate management.","og_url":"https:\/\/www.blackeight.com\/en\/sharpening-a-brand-in-generational-change-2","og_site_name":"BLACKEIGHT - Brand Sparring Partner","article_published_time":"2018-03-21T13:01:16+00:00","article_modified_time":"2020-04-23T11:18:03+00:00","og_image":[{"width":680,"height":170,"url":"https:\/\/www.blackeight.com\/wp-content\/uploads\/2018\/03\/Blackeight_Elementare_Impulse.png","type":"image\/png"}],"author":"Armin Schlamp, Matthias H\u00fcsgen","twitter_card":"summary_large_image","twitter_misc":{"Written by":"Armin Schlamp, Matthias H\u00fcsgen"},"schema":{"@context":"https:\/\/schema.org","@graph":[{"@type":"Article","@id":"https:\/\/www.blackeight.com\/en\/sharpening-a-brand-in-generational-change-2#article","isPartOf":{"@id":"https:\/\/www.blackeight.com\/en\/sharpening-a-brand-in-generational-change-2"},"author":{"name":"Armin Schlamp","@id":"https:\/\/www.blackeight.com\/#\/schema\/person\/7bde3d62621563d0ca76fb2f89af0018"},"headline":"Elementary impulse on \u00bbBrand Driven Companies\u00ab","datePublished":"2018-03-21T13:01:16+00:00","dateModified":"2020-04-23T11:18:03+00:00","mainEntityOfPage":{"@id":"https:\/\/www.blackeight.com\/en\/sharpening-a-brand-in-generational-change-2"},"wordCount":13,"image":{"@id":"https:\/\/www.blackeight.com\/en\/sharpening-a-brand-in-generational-change-2#primaryimage"},"thumbnailUrl":"https:\/\/www.blackeight.com\/wp-content\/uploads\/2018\/03\/Blackeight_Elementare_Impulse.png","keywords":["Blackeight","brand driven companies","elementary impulses"],"articleSection":["Armin Schlamp","Press"],"inLanguage":"en-US"},{"@type":"WebPage","@id":"https:\/\/www.blackeight.com\/en\/sharpening-a-brand-in-generational-change-2","url":"https:\/\/www.blackeight.com\/en\/sharpening-a-brand-in-generational-change-2","name":"Elementary impulse on \u00bbBrand Driven Companies\u00ab - BLACKEIGHT - Brand Sparring Partner","isPartOf":{"@id":"https:\/\/www.blackeight.com\/#website"},"primaryImageOfPage":{"@id":"https:\/\/www.blackeight.com\/en\/sharpening-a-brand-in-generational-change-2#primaryimage"},"image":{"@id":"https:\/\/www.blackeight.com\/en\/sharpening-a-brand-in-generational-change-2#primaryimage"},"thumbnailUrl":"https:\/\/www.blackeight.com\/wp-content\/uploads\/2018\/03\/Blackeight_Elementare_Impulse.png","datePublished":"2018-03-21T13:01:16+00:00","dateModified":"2020-04-23T11:18:03+00:00","author":{"@id":"https:\/\/www.blackeight.com\/#\/schema\/person\/7bde3d62621563d0ca76fb2f89af0018"},"description":"Live brand sparring at top management level: Together with managing directors, board members and brand decision-makers, we discussed current challenges, opportunities and success stories of brand-centric corporate management.","breadcrumb":{"@id":"https:\/\/www.blackeight.com\/en\/sharpening-a-brand-in-generational-change-2#breadcrumb"},"inLanguage":"en-US","potentialAction":[{"@type":"ReadAction","target":["https:\/\/www.blackeight.com\/en\/sharpening-a-brand-in-generational-change-2"]}]},{"@type":"ImageObject","inLanguage":"en-US","@id":"https:\/\/www.blackeight.com\/en\/sharpening-a-brand-in-generational-change-2#primaryimage","url":"https:\/\/www.blackeight.com\/wp-content\/uploads\/2018\/03\/Blackeight_Elementare_Impulse.png","contentUrl":"https:\/\/www.blackeight.com\/wp-content\/uploads\/2018\/03\/Blackeight_Elementare_Impulse.png","width":680,"height":170,"caption":"Gemeinsam mit Gesch\u00e4ftsf\u00fchrern, Vorst\u00e4nden und Markenentscheidern tauschte die M\u00fcnchner Markenberatung Blackeight sich \u00fcber aktuelle Herausforderungen aus und er\u00f6rterten Chancen und Erfolgsbeispiele markenzentrierter Unternehmensf\u00fchrung."},{"@type":"BreadcrumbList","@id":"https:\/\/www.blackeight.com\/en\/sharpening-a-brand-in-generational-change-2#breadcrumb","itemListElement":[{"@type":"ListItem","position":1,"name":"Startseite","item":"https:\/\/www.blackeight.com\/en"},{"@type":"ListItem","position":2,"name":"Elementary impulse on \u00bbBrand Driven Companies\u00ab"}]},{"@type":"WebSite","@id":"https:\/\/www.blackeight.com\/#website","url":"https:\/\/www.blackeight.com\/","name":"BLACKEIGHT - Brand Sparring Partner","description":"","potentialAction":[{"@type":"SearchAction","target":{"@type":"EntryPoint","urlTemplate":"https:\/\/www.blackeight.com\/?s={search_term_string}"},"query-input":{"@type":"PropertyValueSpecification","valueRequired":true,"valueName":"search_term_string"}}],"inLanguage":"en-US"},{"@type":"Person","@id":"https:\/\/www.blackeight.com\/#\/schema\/person\/7bde3d62621563d0ca76fb2f89af0018","name":"Armin Schlamp","description":"Armin Schlamp ist Gr\u00fcnder und Gesch\u00e4ftsf\u00fchrer von Blackeight. Seit \u00fcber 20 Jahren begleitet er als Brand Sparring Partner Menschen und Marken dabei, zukunftsf\u00e4hige Entscheidungen f\u00fcr Ihren nachhaltigen Erfolg zu treffen. Seine Expertise sch\u00f6pft er nicht nur aus seiner Erfahrung als Berater, sondern auch aus langj\u00e4hriger Berufserfahrung in der Industrie, u.a. der T\u00e4tigkeit als CMO in Interimsmandaten.","sameAs":["https:\/\/de.linkedin.com\/in\/armin-schlamp-06a7655a"],"url":"https:\/\/www.blackeight.com\/en\/author\/armin-schlamp"}]}},"_links":{"self":[{"href":"https:\/\/www.blackeight.com\/en\/wp-json\/wp\/v2\/posts\/4185","targetHints":{"allow":["GET"]}}],"collection":[{"href":"https:\/\/www.blackeight.com\/en\/wp-json\/wp\/v2\/posts"}],"about":[{"href":"https:\/\/www.blackeight.com\/en\/wp-json\/wp\/v2\/types\/post"}],"author":[{"embeddable":true,"href":"https:\/\/www.blackeight.com\/en\/wp-json\/wp\/v2\/users\/4"}],"replies":[{"embeddable":true,"href":"https:\/\/www.blackeight.com\/en\/wp-json\/wp\/v2\/comments?post=4185"}],"version-history":[{"count":0,"href":"https:\/\/www.blackeight.com\/en\/wp-json\/wp\/v2\/posts\/4185\/revisions"}],"wp:featuredmedia":[{"embeddable":true,"href":"https:\/\/www.blackeight.com\/en\/wp-json\/wp\/v2\/media\/4186"}],"wp:attachment":[{"href":"https:\/\/www.blackeight.com\/en\/wp-json\/wp\/v2\/media?parent=4185"}],"wp:term":[{"taxonomy":"category","embeddable":true,"href":"https:\/\/www.blackeight.com\/en\/wp-json\/wp\/v2\/categories?post=4185"},{"taxonomy":"post_tag","embeddable":true,"href":"https:\/\/www.blackeight.com\/en\/wp-json\/wp\/v2\/tags?post=4185"},{"taxonomy":"author","embeddable":true,"href":"https:\/\/www.blackeight.com\/en\/wp-json\/wp\/v2\/coauthors?post=4185"}],"curies":[{"name":"wp","href":"https:\/\/api.w.org\/{rel}","templated":true}]}}