{"id":4006,"date":"2018-02-16T16:22:32","date_gmt":"2018-02-16T15:22:32","guid":{"rendered":"https:\/\/www.blackeight.com\/?p=4006\/"},"modified":"2024-03-28T15:56:08","modified_gmt":"2024-03-28T14:56:08","slug":"blackeight-top-employer","status":"publish","type":"post","link":"https:\/\/www.blackeight.com\/en\/blackeight-top-employer","title":{"rendered":"Blackeight is Top Employer 2018"},"content":{"rendered":"<p>For the sixth time, the news magazine Focus, in cooperation with \u00bb<a href=\"https:\/\/www.kununu.com\/de\/blackeight1\" target=\"_blank\" rel=\"noopener noreferrer\">kununu<\/a>\u00ab, selected the best employers in Germany, Austria and Switzerland. The prize was awarded to 1,000 employers from 22 sectors, who now have the seal &#8220;FOCUS Top Employer 2018&#8221;.<\/p>\n<p>More than 100,000 employee judgments of all hierarchy and age groups were evaluated for this study. The decisive criterion was whether the employees recommend their own employer. In addition, the study takes into account employee ratings for other employers within the industry. For the evaluation, the judgments for the employers in each industry were counted, the selection of the top employers was based on the frequency of recommendations.<\/p>\n<p><img loading=\"lazy\" decoding=\"async\" class=\"alignnone size-medium wp-image-4004\" src=\"https:\/\/www.blackeight.com\/wp-content\/uploads\/2018\/02\/Blackeight-Top-Arbeitgeber-600x300.jpg\" alt=\"Die Markenberatung Blackeight ist Top Arbeitgeber Mittelstand laut Focus Online.\" width=\"600\" height=\"300\" \/><\/p>\n","protected":false},"excerpt":{"rendered":"<p>The news magazine Focus, in cooperation with \u00bbkununu\u00ab, has named Blackeight one of the top employers in 2018<\/p>\n","protected":false},"author":4,"featured_media":0,"comment_status":"closed","ping_status":"closed","sticky":false,"template":"","format":"standard","meta":{"_acf_changed":false,"footnotes":""},"categories":[20,238],"tags":[30,228,295,294],"coauthors":[193,195],"class_list":["post-4006","post","type-post","status-publish","format-standard","hentry","category-armin-schlamp","category-article-2","tag-blackeight","tag-blackeight-en","tag-kununu-en","tag-top-employer-en"],"acf":[],"yoast_head":"<!-- This site is optimized with the Yoast SEO plugin v27.5 - https:\/\/yoast.com\/product\/yoast-seo-wordpress\/ -->\n<title>Blackeight is Top Employer 2018 - BLACKEIGHT - Brand Sparring Partner<\/title>\n<meta name=\"description\" content=\"The news magazine Focus, in cooperation with \u00bbkununu\u00ab, has named the Munich based brand consultancy Blackeight Top Employer in 2018.\" \/>\n<meta name=\"robots\" content=\"index, follow, max-snippet:-1, max-image-preview:large, max-video-preview:-1\" \/>\n<link rel=\"canonical\" href=\"https:\/\/www.blackeight.com\/en\/blackeight-top-employer\" \/>\n<meta property=\"og:locale\" content=\"en_US\" \/>\n<meta property=\"og:type\" content=\"article\" \/>\n<meta property=\"og:title\" content=\"Blackeight is Top Employer 2018 - BLACKEIGHT - Brand Sparring Partner\" \/>\n<meta property=\"og:description\" content=\"The news magazine Focus, in cooperation with \u00bbkununu\u00ab, has named the Munich based brand consultancy Blackeight Top Employer in 2018.\" \/>\n<meta property=\"og:url\" content=\"https:\/\/www.blackeight.com\/en\/blackeight-top-employer\" \/>\n<meta property=\"og:site_name\" content=\"BLACKEIGHT - Brand Sparring Partner\" \/>\n<meta property=\"article:published_time\" content=\"2018-02-16T15:22:32+00:00\" \/>\n<meta property=\"article:modified_time\" content=\"2024-03-28T14:56:08+00:00\" \/>\n<meta property=\"og:image\" content=\"https:\/\/www.blackeight.com\/wp-content\/uploads\/2018\/02\/Blackeight-Top-Arbeitgeber-600x300.jpg\" \/>\n<meta name=\"author\" content=\"Armin Schlamp, Matthias H\u00fcsgen\" \/>\n<meta name=\"twitter:card\" content=\"summary_large_image\" \/>\n<meta name=\"twitter:label1\" content=\"Written by\" \/>\n\t<meta name=\"twitter:data1\" content=\"Armin Schlamp, Matthias H\u00fcsgen\" \/>\n\t<meta name=\"twitter:label2\" content=\"Est. reading time\" \/>\n\t<meta name=\"twitter:data2\" content=\"1 minute\" \/>\n<script type=\"application\/ld+json\" class=\"yoast-schema-graph\">{\"@context\":\"https:\\\/\\\/schema.org\",\"@graph\":[{\"@type\":\"Article\",\"@id\":\"https:\\\/\\\/www.blackeight.com\\\/en\\\/blackeight-top-employer#article\",\"isPartOf\":{\"@id\":\"https:\\\/\\\/www.blackeight.com\\\/en\\\/blackeight-top-employer\"},\"author\":{\"name\":\"Armin Schlamp\",\"@id\":\"https:\\\/\\\/www.blackeight.com\\\/#\\\/schema\\\/person\\\/7bde3d62621563d0ca76fb2f89af0018\"},\"headline\":\"Blackeight is Top Employer 2018\",\"datePublished\":\"2018-02-16T15:22:32+00:00\",\"dateModified\":\"2024-03-28T14:56:08+00:00\",\"mainEntityOfPage\":{\"@id\":\"https:\\\/\\\/www.blackeight.com\\\/en\\\/blackeight-top-employer\"},\"wordCount\":108,\"image\":{\"@id\":\"https:\\\/\\\/www.blackeight.com\\\/en\\\/blackeight-top-employer#primaryimage\"},\"thumbnailUrl\":\"https:\\\/\\\/www.blackeight.com\\\/wp-content\\\/uploads\\\/2018\\\/02\\\/Blackeight-Top-Arbeitgeber-600x300.jpg\",\"keywords\":[\"Blackeight\",\"Blackeight\",\"kununu\",\"Top employer\"],\"articleSection\":[\"Armin Schlamp\",\"Article\"],\"inLanguage\":\"en-US\"},{\"@type\":\"WebPage\",\"@id\":\"https:\\\/\\\/www.blackeight.com\\\/en\\\/blackeight-top-employer\",\"url\":\"https:\\\/\\\/www.blackeight.com\\\/en\\\/blackeight-top-employer\",\"name\":\"Blackeight is Top Employer 2018 - BLACKEIGHT - Brand Sparring Partner\",\"isPartOf\":{\"@id\":\"https:\\\/\\\/www.blackeight.com\\\/#website\"},\"primaryImageOfPage\":{\"@id\":\"https:\\\/\\\/www.blackeight.com\\\/en\\\/blackeight-top-employer#primaryimage\"},\"image\":{\"@id\":\"https:\\\/\\\/www.blackeight.com\\\/en\\\/blackeight-top-employer#primaryimage\"},\"thumbnailUrl\":\"https:\\\/\\\/www.blackeight.com\\\/wp-content\\\/uploads\\\/2018\\\/02\\\/Blackeight-Top-Arbeitgeber-600x300.jpg\",\"datePublished\":\"2018-02-16T15:22:32+00:00\",\"dateModified\":\"2024-03-28T14:56:08+00:00\",\"author\":{\"@id\":\"https:\\\/\\\/www.blackeight.com\\\/#\\\/schema\\\/person\\\/7bde3d62621563d0ca76fb2f89af0018\"},\"description\":\"The news magazine Focus, in cooperation with \u00bbkununu\u00ab, has named the Munich based brand consultancy Blackeight Top Employer in 2018.\",\"breadcrumb\":{\"@id\":\"https:\\\/\\\/www.blackeight.com\\\/en\\\/blackeight-top-employer#breadcrumb\"},\"inLanguage\":\"en-US\",\"potentialAction\":[{\"@type\":\"ReadAction\",\"target\":[\"https:\\\/\\\/www.blackeight.com\\\/en\\\/blackeight-top-employer\"]}]},{\"@type\":\"ImageObject\",\"inLanguage\":\"en-US\",\"@id\":\"https:\\\/\\\/www.blackeight.com\\\/en\\\/blackeight-top-employer#primaryimage\",\"url\":\"https:\\\/\\\/www.blackeight.com\\\/wp-content\\\/uploads\\\/2018\\\/02\\\/Blackeight-Top-Arbeitgeber-600x300.jpg\",\"contentUrl\":\"https:\\\/\\\/www.blackeight.com\\\/wp-content\\\/uploads\\\/2018\\\/02\\\/Blackeight-Top-Arbeitgeber-600x300.jpg\"},{\"@type\":\"BreadcrumbList\",\"@id\":\"https:\\\/\\\/www.blackeight.com\\\/en\\\/blackeight-top-employer#breadcrumb\",\"itemListElement\":[{\"@type\":\"ListItem\",\"position\":1,\"name\":\"Startseite\",\"item\":\"https:\\\/\\\/www.blackeight.com\\\/en\"},{\"@type\":\"ListItem\",\"position\":2,\"name\":\"Blackeight is Top Employer 2018\"}]},{\"@type\":\"WebSite\",\"@id\":\"https:\\\/\\\/www.blackeight.com\\\/#website\",\"url\":\"https:\\\/\\\/www.blackeight.com\\\/\",\"name\":\"BLACKEIGHT - Brand Sparring Partner\",\"description\":\"\",\"potentialAction\":[{\"@type\":\"SearchAction\",\"target\":{\"@type\":\"EntryPoint\",\"urlTemplate\":\"https:\\\/\\\/www.blackeight.com\\\/?s={search_term_string}\"},\"query-input\":{\"@type\":\"PropertyValueSpecification\",\"valueRequired\":true,\"valueName\":\"search_term_string\"}}],\"inLanguage\":\"en-US\"},{\"@type\":\"Person\",\"@id\":\"https:\\\/\\\/www.blackeight.com\\\/#\\\/schema\\\/person\\\/7bde3d62621563d0ca76fb2f89af0018\",\"name\":\"Armin Schlamp\",\"description\":\"Armin Schlamp ist Gr\u00fcnder und Gesch\u00e4ftsf\u00fchrer von Blackeight. Seit \u00fcber 20 Jahren begleitet er als Brand Sparring Partner Menschen und Marken dabei, zukunftsf\u00e4hige Entscheidungen f\u00fcr Ihren nachhaltigen Erfolg zu treffen. Seine Expertise sch\u00f6pft er nicht nur aus seiner Erfahrung als Berater, sondern auch aus langj\u00e4hriger Berufserfahrung in der Industrie, u.a. der T\u00e4tigkeit als CMO in Interimsmandaten.\",\"sameAs\":[\"https:\\\/\\\/de.linkedin.com\\\/in\\\/armin-schlamp-06a7655a\"],\"url\":\"https:\\\/\\\/www.blackeight.com\\\/en\\\/author\\\/armin-schlamp\"}]}<\/script>\n<!-- \/ Yoast SEO plugin. -->","yoast_head_json":{"title":"Blackeight is Top Employer 2018 - BLACKEIGHT - Brand Sparring Partner","description":"The news magazine Focus, in cooperation with \u00bbkununu\u00ab, has named the Munich based brand consultancy Blackeight Top Employer in 2018.","robots":{"index":"index","follow":"follow","max-snippet":"max-snippet:-1","max-image-preview":"max-image-preview:large","max-video-preview":"max-video-preview:-1"},"canonical":"https:\/\/www.blackeight.com\/en\/blackeight-top-employer","og_locale":"en_US","og_type":"article","og_title":"Blackeight is Top Employer 2018 - BLACKEIGHT - Brand Sparring Partner","og_description":"The news magazine Focus, in cooperation with \u00bbkununu\u00ab, has named the Munich based brand consultancy Blackeight Top Employer in 2018.","og_url":"https:\/\/www.blackeight.com\/en\/blackeight-top-employer","og_site_name":"BLACKEIGHT - Brand Sparring Partner","article_published_time":"2018-02-16T15:22:32+00:00","article_modified_time":"2024-03-28T14:56:08+00:00","og_image":[{"url":"https:\/\/www.blackeight.com\/wp-content\/uploads\/2018\/02\/Blackeight-Top-Arbeitgeber-600x300.jpg","type":"","width":"","height":""}],"author":"Armin Schlamp, Matthias H\u00fcsgen","twitter_card":"summary_large_image","twitter_misc":{"Written by":"Armin Schlamp, Matthias H\u00fcsgen","Est. reading time":"1 minute"},"schema":{"@context":"https:\/\/schema.org","@graph":[{"@type":"Article","@id":"https:\/\/www.blackeight.com\/en\/blackeight-top-employer#article","isPartOf":{"@id":"https:\/\/www.blackeight.com\/en\/blackeight-top-employer"},"author":{"name":"Armin Schlamp","@id":"https:\/\/www.blackeight.com\/#\/schema\/person\/7bde3d62621563d0ca76fb2f89af0018"},"headline":"Blackeight is Top Employer 2018","datePublished":"2018-02-16T15:22:32+00:00","dateModified":"2024-03-28T14:56:08+00:00","mainEntityOfPage":{"@id":"https:\/\/www.blackeight.com\/en\/blackeight-top-employer"},"wordCount":108,"image":{"@id":"https:\/\/www.blackeight.com\/en\/blackeight-top-employer#primaryimage"},"thumbnailUrl":"https:\/\/www.blackeight.com\/wp-content\/uploads\/2018\/02\/Blackeight-Top-Arbeitgeber-600x300.jpg","keywords":["Blackeight","Blackeight","kununu","Top employer"],"articleSection":["Armin Schlamp","Article"],"inLanguage":"en-US"},{"@type":"WebPage","@id":"https:\/\/www.blackeight.com\/en\/blackeight-top-employer","url":"https:\/\/www.blackeight.com\/en\/blackeight-top-employer","name":"Blackeight is Top Employer 2018 - BLACKEIGHT - Brand Sparring Partner","isPartOf":{"@id":"https:\/\/www.blackeight.com\/#website"},"primaryImageOfPage":{"@id":"https:\/\/www.blackeight.com\/en\/blackeight-top-employer#primaryimage"},"image":{"@id":"https:\/\/www.blackeight.com\/en\/blackeight-top-employer#primaryimage"},"thumbnailUrl":"https:\/\/www.blackeight.com\/wp-content\/uploads\/2018\/02\/Blackeight-Top-Arbeitgeber-600x300.jpg","datePublished":"2018-02-16T15:22:32+00:00","dateModified":"2024-03-28T14:56:08+00:00","author":{"@id":"https:\/\/www.blackeight.com\/#\/schema\/person\/7bde3d62621563d0ca76fb2f89af0018"},"description":"The news magazine Focus, in cooperation with \u00bbkununu\u00ab, has named the Munich based brand consultancy Blackeight Top Employer in 2018.","breadcrumb":{"@id":"https:\/\/www.blackeight.com\/en\/blackeight-top-employer#breadcrumb"},"inLanguage":"en-US","potentialAction":[{"@type":"ReadAction","target":["https:\/\/www.blackeight.com\/en\/blackeight-top-employer"]}]},{"@type":"ImageObject","inLanguage":"en-US","@id":"https:\/\/www.blackeight.com\/en\/blackeight-top-employer#primaryimage","url":"https:\/\/www.blackeight.com\/wp-content\/uploads\/2018\/02\/Blackeight-Top-Arbeitgeber-600x300.jpg","contentUrl":"https:\/\/www.blackeight.com\/wp-content\/uploads\/2018\/02\/Blackeight-Top-Arbeitgeber-600x300.jpg"},{"@type":"BreadcrumbList","@id":"https:\/\/www.blackeight.com\/en\/blackeight-top-employer#breadcrumb","itemListElement":[{"@type":"ListItem","position":1,"name":"Startseite","item":"https:\/\/www.blackeight.com\/en"},{"@type":"ListItem","position":2,"name":"Blackeight is Top Employer 2018"}]},{"@type":"WebSite","@id":"https:\/\/www.blackeight.com\/#website","url":"https:\/\/www.blackeight.com\/","name":"BLACKEIGHT - Brand Sparring Partner","description":"","potentialAction":[{"@type":"SearchAction","target":{"@type":"EntryPoint","urlTemplate":"https:\/\/www.blackeight.com\/?s={search_term_string}"},"query-input":{"@type":"PropertyValueSpecification","valueRequired":true,"valueName":"search_term_string"}}],"inLanguage":"en-US"},{"@type":"Person","@id":"https:\/\/www.blackeight.com\/#\/schema\/person\/7bde3d62621563d0ca76fb2f89af0018","name":"Armin Schlamp","description":"Armin Schlamp ist Gr\u00fcnder und Gesch\u00e4ftsf\u00fchrer von Blackeight. Seit \u00fcber 20 Jahren begleitet er als Brand Sparring Partner Menschen und Marken dabei, zukunftsf\u00e4hige Entscheidungen f\u00fcr Ihren nachhaltigen Erfolg zu treffen. Seine Expertise sch\u00f6pft er nicht nur aus seiner Erfahrung als Berater, sondern auch aus langj\u00e4hriger Berufserfahrung in der Industrie, u.a. der T\u00e4tigkeit als CMO in Interimsmandaten.","sameAs":["https:\/\/de.linkedin.com\/in\/armin-schlamp-06a7655a"],"url":"https:\/\/www.blackeight.com\/en\/author\/armin-schlamp"}]}},"_links":{"self":[{"href":"https:\/\/www.blackeight.com\/en\/wp-json\/wp\/v2\/posts\/4006","targetHints":{"allow":["GET"]}}],"collection":[{"href":"https:\/\/www.blackeight.com\/en\/wp-json\/wp\/v2\/posts"}],"about":[{"href":"https:\/\/www.blackeight.com\/en\/wp-json\/wp\/v2\/types\/post"}],"author":[{"embeddable":true,"href":"https:\/\/www.blackeight.com\/en\/wp-json\/wp\/v2\/users\/4"}],"replies":[{"embeddable":true,"href":"https:\/\/www.blackeight.com\/en\/wp-json\/wp\/v2\/comments?post=4006"}],"version-history":[{"count":1,"href":"https:\/\/www.blackeight.com\/en\/wp-json\/wp\/v2\/posts\/4006\/revisions"}],"predecessor-version":[{"id":9546,"href":"https:\/\/www.blackeight.com\/en\/wp-json\/wp\/v2\/posts\/4006\/revisions\/9546"}],"wp:attachment":[{"href":"https:\/\/www.blackeight.com\/en\/wp-json\/wp\/v2\/media?parent=4006"}],"wp:term":[{"taxonomy":"category","embeddable":true,"href":"https:\/\/www.blackeight.com\/en\/wp-json\/wp\/v2\/categories?post=4006"},{"taxonomy":"post_tag","embeddable":true,"href":"https:\/\/www.blackeight.com\/en\/wp-json\/wp\/v2\/tags?post=4006"},{"taxonomy":"author","embeddable":true,"href":"https:\/\/www.blackeight.com\/en\/wp-json\/wp\/v2\/coauthors?post=4006"}],"curies":[{"name":"wp","href":"https:\/\/api.w.org\/{rel}","templated":true}]}}