{"id":3426,"date":"2017-06-22T14:34:49","date_gmt":"2017-06-22T12:34:49","guid":{"rendered":"http:\/\/www.blackeight.com\/?p=3426\/"},"modified":"2024-03-28T15:54:51","modified_gmt":"2024-03-28T14:54:51","slug":"blackeight-mtp-munich","status":"publish","type":"post","link":"https:\/\/www.blackeight.com\/en\/blackeight-mtp-munich","title":{"rendered":"Partnership of MTP Munich and Blackeight is getting started"},"content":{"rendered":"<p>Since May, Blackeight has been a regional sponsor of MTP one of the biggest, cross-generational marketing network for students and alumni in Germany. As a regional sponsor, Blackeight will support MTP Munich from now on.<\/p>\n<p>To mark the partnership\u2019s kick-off, Dr. Matthias H\u00fcsgen and Anna Scheuernstuhl introduced Blackeight\u2019s \u00bbBrand Sparring Partner\u00ab consultancy approach at the MTP\u2019s weekly plenary session. They highlighted how a brand can be used as central controlling instrument. The Blackeight team will functionally and methodically support the MTP members in their future project activities.<\/p>\n<p><img loading=\"lazy\" decoding=\"async\" class=\"alignnone size-full wp-image-3424\" src=\"https:\/\/www.blackeight.com\/wp-content\/uploads\/2017\/08\/Blackeight_als_Foerderer_von_mtp-e1503577781312.png\" alt=\"Seit Mai dieses Jahres ist Blackeight regionaler F\u00f6rderer von MTP M\u00fcnchen - Marketing zwischen Theorie und Praxis e.V., Deutschlands gr\u00f6\u00dftes generations\u00fcbergreifendes Marketing-Netzwerk und gleichzeitig gr\u00f6\u00dfte studentische Marketinginitiative.\" width=\"680\" height=\"88\" srcset=\"https:\/\/www.blackeight.com\/wp-content\/uploads\/2017\/08\/Blackeight_als_Foerderer_von_mtp-e1503577781312.png 680w, https:\/\/www.blackeight.com\/wp-content\/uploads\/2017\/08\/Blackeight_als_Foerderer_von_mtp-e1503577781312-300x39.png 300w, https:\/\/www.blackeight.com\/wp-content\/uploads\/2017\/08\/Blackeight_als_Foerderer_von_mtp-e1503577781312-576x75.png 576w\" sizes=\"auto, (max-width: 680px) 100vw, 680px\" \/><\/p>\n","protected":false},"excerpt":{"rendered":"<p>Dr. Matthias H\u00fcsgen and Anna Scheuernstuhl have joined MTP\u2019s (\u00bbMarketing zwischen Theorie und Praxis e.V. in Munich\u00ab) plenary session<\/p>\n","protected":false},"author":3,"featured_media":5874,"comment_status":"closed","ping_status":"closed","sticky":false,"template":"","format":"standard","meta":{"_acf_changed":false,"footnotes":""},"categories":[238,15],"tags":[252],"coauthors":[195,200],"class_list":["post-3426","post","type-post","status-publish","format-standard","has-post-thumbnail","hentry","category-article-2","category-matthias-huesgen","tag-mtp-en"],"acf":[],"yoast_head":"<!-- This site is optimized with the Yoast SEO plugin v27.5 - https:\/\/yoast.com\/product\/yoast-seo-wordpress\/ -->\n<title>Partnership of MTP Munich and Blackeight is getting started - BLACKEIGHT - Brand Sparring Partner<\/title>\n<meta name=\"description\" content=\"Since May, Blackeight has been a regional sponsor of MTP one of the biggest, cross-generational marketing network for students and alumni in Germany.\" \/>\n<meta name=\"robots\" content=\"index, follow, max-snippet:-1, max-image-preview:large, max-video-preview:-1\" \/>\n<link rel=\"canonical\" href=\"https:\/\/www.blackeight.com\/en\/blackeight-mtp-munich\" \/>\n<meta property=\"og:locale\" content=\"en_US\" \/>\n<meta property=\"og:type\" content=\"article\" \/>\n<meta property=\"og:title\" content=\"Partnership of MTP Munich and Blackeight is getting started - BLACKEIGHT - Brand Sparring Partner\" \/>\n<meta property=\"og:description\" content=\"Since May, Blackeight has been a regional sponsor of MTP one of the biggest, cross-generational marketing network for students and alumni in Germany.\" \/>\n<meta property=\"og:url\" content=\"https:\/\/www.blackeight.com\/en\/blackeight-mtp-munich\" \/>\n<meta property=\"og:site_name\" content=\"BLACKEIGHT - Brand Sparring Partner\" \/>\n<meta property=\"article:published_time\" content=\"2017-06-22T12:34:49+00:00\" \/>\n<meta property=\"article:modified_time\" content=\"2024-03-28T14:54:51+00:00\" \/>\n<meta property=\"og:image\" content=\"https:\/\/www.blackeight.com\/wp-content\/uploads\/2020\/03\/blackeight_mtp_360x240px.jpg\" \/>\n\t<meta property=\"og:image:width\" content=\"360\" \/>\n\t<meta property=\"og:image:height\" content=\"240\" \/>\n\t<meta property=\"og:image:type\" content=\"image\/jpeg\" \/>\n<meta name=\"author\" content=\"Matthias H\u00fcsgen, Anna Scheuernstuhl\" \/>\n<meta name=\"twitter:card\" content=\"summary_large_image\" \/>\n<meta name=\"twitter:label1\" content=\"Written by\" \/>\n\t<meta name=\"twitter:data1\" content=\"Matthias H\u00fcsgen, Anna Scheuernstuhl\" \/>\n<script type=\"application\/ld+json\" class=\"yoast-schema-graph\">{\"@context\":\"https:\\\/\\\/schema.org\",\"@graph\":[{\"@type\":\"Article\",\"@id\":\"https:\\\/\\\/www.blackeight.com\\\/en\\\/blackeight-mtp-munich#article\",\"isPartOf\":{\"@id\":\"https:\\\/\\\/www.blackeight.com\\\/en\\\/blackeight-mtp-munich\"},\"author\":{\"name\":\"Matthias H\u00fcsgen\",\"@id\":\"https:\\\/\\\/www.blackeight.com\\\/#\\\/schema\\\/person\\\/b4273bee9a221fe56d3ff8c24599b689\"},\"headline\":\"Partnership of MTP Munich and Blackeight is getting started\",\"datePublished\":\"2017-06-22T12:34:49+00:00\",\"dateModified\":\"2024-03-28T14:54:51+00:00\",\"mainEntityOfPage\":{\"@id\":\"https:\\\/\\\/www.blackeight.com\\\/en\\\/blackeight-mtp-munich\"},\"wordCount\":100,\"image\":{\"@id\":\"https:\\\/\\\/www.blackeight.com\\\/en\\\/blackeight-mtp-munich#primaryimage\"},\"thumbnailUrl\":\"https:\\\/\\\/www.blackeight.com\\\/wp-content\\\/uploads\\\/2020\\\/03\\\/blackeight_mtp_360x240px.jpg\",\"keywords\":[\"mtp\"],\"articleSection\":[\"Article\",\"Matthias H\u00fcsgen\"],\"inLanguage\":\"en-US\"},{\"@type\":\"WebPage\",\"@id\":\"https:\\\/\\\/www.blackeight.com\\\/en\\\/blackeight-mtp-munich\",\"url\":\"https:\\\/\\\/www.blackeight.com\\\/en\\\/blackeight-mtp-munich\",\"name\":\"Partnership of MTP Munich and Blackeight is getting started - BLACKEIGHT - Brand Sparring Partner\",\"isPartOf\":{\"@id\":\"https:\\\/\\\/www.blackeight.com\\\/#website\"},\"primaryImageOfPage\":{\"@id\":\"https:\\\/\\\/www.blackeight.com\\\/en\\\/blackeight-mtp-munich#primaryimage\"},\"image\":{\"@id\":\"https:\\\/\\\/www.blackeight.com\\\/en\\\/blackeight-mtp-munich#primaryimage\"},\"thumbnailUrl\":\"https:\\\/\\\/www.blackeight.com\\\/wp-content\\\/uploads\\\/2020\\\/03\\\/blackeight_mtp_360x240px.jpg\",\"datePublished\":\"2017-06-22T12:34:49+00:00\",\"dateModified\":\"2024-03-28T14:54:51+00:00\",\"author\":{\"@id\":\"https:\\\/\\\/www.blackeight.com\\\/#\\\/schema\\\/person\\\/b4273bee9a221fe56d3ff8c24599b689\"},\"description\":\"Since May, Blackeight has been a regional sponsor of MTP one of the biggest, cross-generational marketing network for students and alumni in Germany.\",\"breadcrumb\":{\"@id\":\"https:\\\/\\\/www.blackeight.com\\\/en\\\/blackeight-mtp-munich#breadcrumb\"},\"inLanguage\":\"en-US\",\"potentialAction\":[{\"@type\":\"ReadAction\",\"target\":[\"https:\\\/\\\/www.blackeight.com\\\/en\\\/blackeight-mtp-munich\"]}]},{\"@type\":\"ImageObject\",\"inLanguage\":\"en-US\",\"@id\":\"https:\\\/\\\/www.blackeight.com\\\/en\\\/blackeight-mtp-munich#primaryimage\",\"url\":\"https:\\\/\\\/www.blackeight.com\\\/wp-content\\\/uploads\\\/2020\\\/03\\\/blackeight_mtp_360x240px.jpg\",\"contentUrl\":\"https:\\\/\\\/www.blackeight.com\\\/wp-content\\\/uploads\\\/2020\\\/03\\\/blackeight_mtp_360x240px.jpg\",\"width\":360,\"height\":240,\"caption\":\"Blackeight mtp\"},{\"@type\":\"BreadcrumbList\",\"@id\":\"https:\\\/\\\/www.blackeight.com\\\/en\\\/blackeight-mtp-munich#breadcrumb\",\"itemListElement\":[{\"@type\":\"ListItem\",\"position\":1,\"name\":\"Startseite\",\"item\":\"https:\\\/\\\/www.blackeight.com\\\/en\"},{\"@type\":\"ListItem\",\"position\":2,\"name\":\"Partnership of MTP Munich and Blackeight is getting started\"}]},{\"@type\":\"WebSite\",\"@id\":\"https:\\\/\\\/www.blackeight.com\\\/#website\",\"url\":\"https:\\\/\\\/www.blackeight.com\\\/\",\"name\":\"BLACKEIGHT - Brand Sparring Partner\",\"description\":\"\",\"potentialAction\":[{\"@type\":\"SearchAction\",\"target\":{\"@type\":\"EntryPoint\",\"urlTemplate\":\"https:\\\/\\\/www.blackeight.com\\\/?s={search_term_string}\"},\"query-input\":{\"@type\":\"PropertyValueSpecification\",\"valueRequired\":true,\"valueName\":\"search_term_string\"}}],\"inLanguage\":\"en-US\"},{\"@type\":\"Person\",\"@id\":\"https:\\\/\\\/www.blackeight.com\\\/#\\\/schema\\\/person\\\/b4273bee9a221fe56d3ff8c24599b689\",\"name\":\"Matthias H\u00fcsgen\",\"url\":\"https:\\\/\\\/www.blackeight.com\\\/en\\\/author\\\/matthias\"}]}<\/script>\n<!-- \/ Yoast SEO plugin. -->","yoast_head_json":{"title":"Partnership of MTP Munich and Blackeight is getting started - BLACKEIGHT - Brand Sparring Partner","description":"Since May, Blackeight has been a regional sponsor of MTP one of the biggest, cross-generational marketing network for students and alumni in Germany.","robots":{"index":"index","follow":"follow","max-snippet":"max-snippet:-1","max-image-preview":"max-image-preview:large","max-video-preview":"max-video-preview:-1"},"canonical":"https:\/\/www.blackeight.com\/en\/blackeight-mtp-munich","og_locale":"en_US","og_type":"article","og_title":"Partnership of MTP Munich and Blackeight is getting started - BLACKEIGHT - Brand Sparring Partner","og_description":"Since May, Blackeight has been a regional sponsor of MTP one of the biggest, cross-generational marketing network for students and alumni in Germany.","og_url":"https:\/\/www.blackeight.com\/en\/blackeight-mtp-munich","og_site_name":"BLACKEIGHT - Brand Sparring Partner","article_published_time":"2017-06-22T12:34:49+00:00","article_modified_time":"2024-03-28T14:54:51+00:00","og_image":[{"width":360,"height":240,"url":"https:\/\/www.blackeight.com\/wp-content\/uploads\/2020\/03\/blackeight_mtp_360x240px.jpg","type":"image\/jpeg"}],"author":"Matthias H\u00fcsgen, Anna Scheuernstuhl","twitter_card":"summary_large_image","twitter_misc":{"Written by":"Matthias H\u00fcsgen, Anna Scheuernstuhl"},"schema":{"@context":"https:\/\/schema.org","@graph":[{"@type":"Article","@id":"https:\/\/www.blackeight.com\/en\/blackeight-mtp-munich#article","isPartOf":{"@id":"https:\/\/www.blackeight.com\/en\/blackeight-mtp-munich"},"author":{"name":"Matthias H\u00fcsgen","@id":"https:\/\/www.blackeight.com\/#\/schema\/person\/b4273bee9a221fe56d3ff8c24599b689"},"headline":"Partnership of MTP Munich and Blackeight is getting started","datePublished":"2017-06-22T12:34:49+00:00","dateModified":"2024-03-28T14:54:51+00:00","mainEntityOfPage":{"@id":"https:\/\/www.blackeight.com\/en\/blackeight-mtp-munich"},"wordCount":100,"image":{"@id":"https:\/\/www.blackeight.com\/en\/blackeight-mtp-munich#primaryimage"},"thumbnailUrl":"https:\/\/www.blackeight.com\/wp-content\/uploads\/2020\/03\/blackeight_mtp_360x240px.jpg","keywords":["mtp"],"articleSection":["Article","Matthias H\u00fcsgen"],"inLanguage":"en-US"},{"@type":"WebPage","@id":"https:\/\/www.blackeight.com\/en\/blackeight-mtp-munich","url":"https:\/\/www.blackeight.com\/en\/blackeight-mtp-munich","name":"Partnership of MTP Munich and Blackeight is getting started - BLACKEIGHT - Brand Sparring Partner","isPartOf":{"@id":"https:\/\/www.blackeight.com\/#website"},"primaryImageOfPage":{"@id":"https:\/\/www.blackeight.com\/en\/blackeight-mtp-munich#primaryimage"},"image":{"@id":"https:\/\/www.blackeight.com\/en\/blackeight-mtp-munich#primaryimage"},"thumbnailUrl":"https:\/\/www.blackeight.com\/wp-content\/uploads\/2020\/03\/blackeight_mtp_360x240px.jpg","datePublished":"2017-06-22T12:34:49+00:00","dateModified":"2024-03-28T14:54:51+00:00","author":{"@id":"https:\/\/www.blackeight.com\/#\/schema\/person\/b4273bee9a221fe56d3ff8c24599b689"},"description":"Since May, Blackeight has been a regional sponsor of MTP one of the biggest, cross-generational marketing network for students and alumni in Germany.","breadcrumb":{"@id":"https:\/\/www.blackeight.com\/en\/blackeight-mtp-munich#breadcrumb"},"inLanguage":"en-US","potentialAction":[{"@type":"ReadAction","target":["https:\/\/www.blackeight.com\/en\/blackeight-mtp-munich"]}]},{"@type":"ImageObject","inLanguage":"en-US","@id":"https:\/\/www.blackeight.com\/en\/blackeight-mtp-munich#primaryimage","url":"https:\/\/www.blackeight.com\/wp-content\/uploads\/2020\/03\/blackeight_mtp_360x240px.jpg","contentUrl":"https:\/\/www.blackeight.com\/wp-content\/uploads\/2020\/03\/blackeight_mtp_360x240px.jpg","width":360,"height":240,"caption":"Blackeight mtp"},{"@type":"BreadcrumbList","@id":"https:\/\/www.blackeight.com\/en\/blackeight-mtp-munich#breadcrumb","itemListElement":[{"@type":"ListItem","position":1,"name":"Startseite","item":"https:\/\/www.blackeight.com\/en"},{"@type":"ListItem","position":2,"name":"Partnership of MTP Munich and Blackeight is getting started"}]},{"@type":"WebSite","@id":"https:\/\/www.blackeight.com\/#website","url":"https:\/\/www.blackeight.com\/","name":"BLACKEIGHT - Brand Sparring Partner","description":"","potentialAction":[{"@type":"SearchAction","target":{"@type":"EntryPoint","urlTemplate":"https:\/\/www.blackeight.com\/?s={search_term_string}"},"query-input":{"@type":"PropertyValueSpecification","valueRequired":true,"valueName":"search_term_string"}}],"inLanguage":"en-US"},{"@type":"Person","@id":"https:\/\/www.blackeight.com\/#\/schema\/person\/b4273bee9a221fe56d3ff8c24599b689","name":"Matthias H\u00fcsgen","url":"https:\/\/www.blackeight.com\/en\/author\/matthias"}]}},"_links":{"self":[{"href":"https:\/\/www.blackeight.com\/en\/wp-json\/wp\/v2\/posts\/3426","targetHints":{"allow":["GET"]}}],"collection":[{"href":"https:\/\/www.blackeight.com\/en\/wp-json\/wp\/v2\/posts"}],"about":[{"href":"https:\/\/www.blackeight.com\/en\/wp-json\/wp\/v2\/types\/post"}],"author":[{"embeddable":true,"href":"https:\/\/www.blackeight.com\/en\/wp-json\/wp\/v2\/users\/3"}],"replies":[{"embeddable":true,"href":"https:\/\/www.blackeight.com\/en\/wp-json\/wp\/v2\/comments?post=3426"}],"version-history":[{"count":1,"href":"https:\/\/www.blackeight.com\/en\/wp-json\/wp\/v2\/posts\/3426\/revisions"}],"predecessor-version":[{"id":9531,"href":"https:\/\/www.blackeight.com\/en\/wp-json\/wp\/v2\/posts\/3426\/revisions\/9531"}],"wp:featuredmedia":[{"embeddable":true,"href":"https:\/\/www.blackeight.com\/en\/wp-json\/wp\/v2\/media\/5874"}],"wp:attachment":[{"href":"https:\/\/www.blackeight.com\/en\/wp-json\/wp\/v2\/media?parent=3426"}],"wp:term":[{"taxonomy":"category","embeddable":true,"href":"https:\/\/www.blackeight.com\/en\/wp-json\/wp\/v2\/categories?post=3426"},{"taxonomy":"post_tag","embeddable":true,"href":"https:\/\/www.blackeight.com\/en\/wp-json\/wp\/v2\/tags?post=3426"},{"taxonomy":"author","embeddable":true,"href":"https:\/\/www.blackeight.com\/en\/wp-json\/wp\/v2\/coauthors?post=3426"}],"curies":[{"name":"wp","href":"https:\/\/api.w.org\/{rel}","templated":true}]}}