{"id":3229,"date":"2017-03-10T11:01:06","date_gmt":"2017-03-10T10:01:06","guid":{"rendered":"http:\/\/blackeight.com\/?p=3229\/"},"modified":"2020-04-23T13:22:15","modified_gmt":"2020-04-23T11:22:15","slug":"internship-blackeight","status":"publish","type":"post","link":"https:\/\/www.blackeight.com\/en\/internship-blackeight","title":{"rendered":"Internship @ Blackeight"},"content":{"rendered":"<p><img loading=\"lazy\" decoding=\"async\" class=\"alignnone size-full wp-image-3221\" src=\"https:\/\/blackeight.com\/wp-content\/uploads\/2017\/03\/Patrick-Wuest_Blackeight_Markenberatung_Muenchen_Brand-Consultant-Praktikant.png\" alt=\"Der Brand Consulting Praktikant Patrick Wuest berichtet von seinem Praktikum bei der Markenberatung Blackeight in M\u00fcnchen.\" width=\"680\" height=\"340\" srcset=\"https:\/\/www.blackeight.com\/wp-content\/uploads\/2017\/03\/Patrick-Wuest_Blackeight_Markenberatung_Muenchen_Brand-Consultant-Praktikant.png 680w, https:\/\/www.blackeight.com\/wp-content\/uploads\/2017\/03\/Patrick-Wuest_Blackeight_Markenberatung_Muenchen_Brand-Consultant-Praktikant-300x150.png 300w, https:\/\/www.blackeight.com\/wp-content\/uploads\/2017\/03\/Patrick-Wuest_Blackeight_Markenberatung_Muenchen_Brand-Consultant-Praktikant-576x288.png 576w\" sizes=\"auto, (max-width: 680px) 100vw, 680px\" \/><\/p>\n<p>We have talked to our intern Patrick W\u00fcst about his impressions at Blackeight:<\/p>\n<p><strong>Patrick, you have been working at Blackeight for four months now. Tell us something about you, what did you do before your time at Blackeight and how did you get to us?<\/strong><\/p>\n<p>I am 23 years old, I come from Frankfurt and have studied Business Administration with a focus on Marketing \/ Marketing Research at the University of Applied Sciences in Mainz.<br \/>\nI have worked at a market research institute as a working student in the consumer and customer department for more than one year. After that I wanted to gain experience in Brand Consulting as well. When I noticed the job posting at Xing, I checked Blackeight&#8217;s ratings on kununu and applied for the job.<\/p>\n<p><strong>What do you like most about working here?<\/strong><\/p>\n<p>I really appreciate that I am included in the whole project work. That\u2019s why the learning curve here is very steep. I can take over very exciting and challenging tasks and colleagues help me whenever I have a question. Generally speaking here is a very nice and easy-going atmosphere and I can participate actively in every project step.<br \/>\nWhat impresses me most is how people approach tasks differently here. Every colleague has a special field with its own methods. Every project team has different concepts. That\u2019s why I get to know a lot of different perspectives and approaches.<\/p>\n<p><strong>Can you imagine working as a Brand Consultant after your internship?<\/strong><\/p>\n<p>Definitely. The work as a Brand Consultant is very interesting. There are a lot of parallels to the work as a Research Consultant. You analyze companies, their target groups and competitors, identify trends and develop solutions for customers. In this case a strategy. The difference is that the focus here lies in brand management and the customer gets accompanying consultation even after the development of the strategy to implement it. As a Brand Consultant you have exciting projects and a lot of challenges to face. From designing the workshop, to developing scenarios to the implementation of the strategy.<\/p>\n<p><strong>Thanks Patrick for sharing your impressions with us.<\/strong><\/p>\n","protected":false},"excerpt":{"rendered":"<p>Our intern Patrick W\u00fcst talks about his internship impressions<\/p>\n","protected":false},"author":4,"featured_media":0,"comment_status":"closed","ping_status":"closed","sticky":false,"template":"","format":"standard","meta":{"_acf_changed":false,"footnotes":""},"categories":[238],"tags":[228,303,246],"coauthors":[193,195],"class_list":["post-3229","post","type-post","status-publish","format-standard","hentry","category-article-2","tag-blackeight-en","tag-brand-internship","tag-internship-en"],"acf":[],"yoast_head":"<!-- This site is optimized with the Yoast SEO plugin v27.5 - https:\/\/yoast.com\/product\/yoast-seo-wordpress\/ -->\n<title>Internship @ Blackeight - BLACKEIGHT - Brand Sparring Partner<\/title>\n<meta name=\"description\" content=\"The Bachelor graduate Patrick W\u00fcst talks about his internship impressions at the brand consultancy Blackeight in Munich\" \/>\n<meta name=\"robots\" content=\"index, follow, max-snippet:-1, max-image-preview:large, max-video-preview:-1\" \/>\n<link rel=\"canonical\" href=\"https:\/\/www.blackeight.com\/en\/internship-blackeight\" \/>\n<meta property=\"og:locale\" content=\"en_US\" \/>\n<meta property=\"og:type\" content=\"article\" \/>\n<meta property=\"og:title\" content=\"Internship @ Blackeight - BLACKEIGHT - Brand Sparring Partner\" \/>\n<meta property=\"og:description\" content=\"The Bachelor graduate Patrick W\u00fcst talks about his internship impressions at the brand consultancy Blackeight in Munich\" \/>\n<meta property=\"og:url\" content=\"https:\/\/www.blackeight.com\/en\/internship-blackeight\" \/>\n<meta property=\"og:site_name\" content=\"BLACKEIGHT - Brand Sparring Partner\" \/>\n<meta property=\"article:published_time\" content=\"2017-03-10T10:01:06+00:00\" \/>\n<meta property=\"article:modified_time\" content=\"2020-04-23T11:22:15+00:00\" \/>\n<meta property=\"og:image\" content=\"https:\/\/blackeight.com\/wp-content\/uploads\/2017\/03\/Patrick-Wuest_Blackeight_Markenberatung_Muenchen_Brand-Consultant-Praktikant.png\" \/>\n<meta name=\"author\" content=\"Armin Schlamp, Matthias H\u00fcsgen\" \/>\n<meta name=\"twitter:card\" content=\"summary_large_image\" \/>\n<meta name=\"twitter:label1\" content=\"Written by\" \/>\n\t<meta name=\"twitter:data1\" content=\"Armin Schlamp, Matthias H\u00fcsgen\" \/>\n\t<meta name=\"twitter:label2\" content=\"Est. reading time\" \/>\n\t<meta name=\"twitter:data2\" content=\"2 minutes\" \/>\n<script type=\"application\/ld+json\" class=\"yoast-schema-graph\">{\"@context\":\"https:\\\/\\\/schema.org\",\"@graph\":[{\"@type\":\"Article\",\"@id\":\"https:\\\/\\\/www.blackeight.com\\\/en\\\/internship-blackeight#article\",\"isPartOf\":{\"@id\":\"https:\\\/\\\/www.blackeight.com\\\/en\\\/internship-blackeight\"},\"author\":{\"name\":\"Armin Schlamp\",\"@id\":\"https:\\\/\\\/www.blackeight.com\\\/#\\\/schema\\\/person\\\/7bde3d62621563d0ca76fb2f89af0018\"},\"headline\":\"Internship @ Blackeight\",\"datePublished\":\"2017-03-10T10:01:06+00:00\",\"dateModified\":\"2020-04-23T11:22:15+00:00\",\"mainEntityOfPage\":{\"@id\":\"https:\\\/\\\/www.blackeight.com\\\/en\\\/internship-blackeight\"},\"wordCount\":356,\"image\":{\"@id\":\"https:\\\/\\\/www.blackeight.com\\\/en\\\/internship-blackeight#primaryimage\"},\"thumbnailUrl\":\"https:\\\/\\\/blackeight.com\\\/wp-content\\\/uploads\\\/2017\\\/03\\\/Patrick-Wuest_Blackeight_Markenberatung_Muenchen_Brand-Consultant-Praktikant.png\",\"keywords\":[\"Blackeight\",\"brand internship\",\"internship\"],\"articleSection\":[\"Article\"],\"inLanguage\":\"en-US\"},{\"@type\":\"WebPage\",\"@id\":\"https:\\\/\\\/www.blackeight.com\\\/en\\\/internship-blackeight\",\"url\":\"https:\\\/\\\/www.blackeight.com\\\/en\\\/internship-blackeight\",\"name\":\"Internship @ Blackeight - BLACKEIGHT - Brand Sparring Partner\",\"isPartOf\":{\"@id\":\"https:\\\/\\\/www.blackeight.com\\\/#website\"},\"primaryImageOfPage\":{\"@id\":\"https:\\\/\\\/www.blackeight.com\\\/en\\\/internship-blackeight#primaryimage\"},\"image\":{\"@id\":\"https:\\\/\\\/www.blackeight.com\\\/en\\\/internship-blackeight#primaryimage\"},\"thumbnailUrl\":\"https:\\\/\\\/blackeight.com\\\/wp-content\\\/uploads\\\/2017\\\/03\\\/Patrick-Wuest_Blackeight_Markenberatung_Muenchen_Brand-Consultant-Praktikant.png\",\"datePublished\":\"2017-03-10T10:01:06+00:00\",\"dateModified\":\"2020-04-23T11:22:15+00:00\",\"author\":{\"@id\":\"https:\\\/\\\/www.blackeight.com\\\/#\\\/schema\\\/person\\\/7bde3d62621563d0ca76fb2f89af0018\"},\"description\":\"The Bachelor graduate Patrick W\u00fcst talks about his internship impressions at the brand consultancy Blackeight in Munich\",\"breadcrumb\":{\"@id\":\"https:\\\/\\\/www.blackeight.com\\\/en\\\/internship-blackeight#breadcrumb\"},\"inLanguage\":\"en-US\",\"potentialAction\":[{\"@type\":\"ReadAction\",\"target\":[\"https:\\\/\\\/www.blackeight.com\\\/en\\\/internship-blackeight\"]}]},{\"@type\":\"ImageObject\",\"inLanguage\":\"en-US\",\"@id\":\"https:\\\/\\\/www.blackeight.com\\\/en\\\/internship-blackeight#primaryimage\",\"url\":\"https:\\\/\\\/blackeight.com\\\/wp-content\\\/uploads\\\/2017\\\/03\\\/Patrick-Wuest_Blackeight_Markenberatung_Muenchen_Brand-Consultant-Praktikant.png\",\"contentUrl\":\"https:\\\/\\\/blackeight.com\\\/wp-content\\\/uploads\\\/2017\\\/03\\\/Patrick-Wuest_Blackeight_Markenberatung_Muenchen_Brand-Consultant-Praktikant.png\"},{\"@type\":\"BreadcrumbList\",\"@id\":\"https:\\\/\\\/www.blackeight.com\\\/en\\\/internship-blackeight#breadcrumb\",\"itemListElement\":[{\"@type\":\"ListItem\",\"position\":1,\"name\":\"Startseite\",\"item\":\"https:\\\/\\\/www.blackeight.com\\\/en\"},{\"@type\":\"ListItem\",\"position\":2,\"name\":\"Internship @ Blackeight\"}]},{\"@type\":\"WebSite\",\"@id\":\"https:\\\/\\\/www.blackeight.com\\\/#website\",\"url\":\"https:\\\/\\\/www.blackeight.com\\\/\",\"name\":\"BLACKEIGHT - Brand Sparring Partner\",\"description\":\"\",\"potentialAction\":[{\"@type\":\"SearchAction\",\"target\":{\"@type\":\"EntryPoint\",\"urlTemplate\":\"https:\\\/\\\/www.blackeight.com\\\/?s={search_term_string}\"},\"query-input\":{\"@type\":\"PropertyValueSpecification\",\"valueRequired\":true,\"valueName\":\"search_term_string\"}}],\"inLanguage\":\"en-US\"},{\"@type\":\"Person\",\"@id\":\"https:\\\/\\\/www.blackeight.com\\\/#\\\/schema\\\/person\\\/7bde3d62621563d0ca76fb2f89af0018\",\"name\":\"Armin Schlamp\",\"description\":\"Armin Schlamp ist Gr\u00fcnder und Gesch\u00e4ftsf\u00fchrer von Blackeight. Seit \u00fcber 20 Jahren begleitet er als Brand Sparring Partner Menschen und Marken dabei, zukunftsf\u00e4hige Entscheidungen f\u00fcr Ihren nachhaltigen Erfolg zu treffen. Seine Expertise sch\u00f6pft er nicht nur aus seiner Erfahrung als Berater, sondern auch aus langj\u00e4hriger Berufserfahrung in der Industrie, u.a. der T\u00e4tigkeit als CMO in Interimsmandaten.\",\"sameAs\":[\"https:\\\/\\\/de.linkedin.com\\\/in\\\/armin-schlamp-06a7655a\"],\"url\":\"https:\\\/\\\/www.blackeight.com\\\/en\\\/author\\\/armin-schlamp\"}]}<\/script>\n<!-- \/ Yoast SEO plugin. -->","yoast_head_json":{"title":"Internship @ Blackeight - BLACKEIGHT - Brand Sparring Partner","description":"The Bachelor graduate Patrick W\u00fcst talks about his internship impressions at the brand consultancy Blackeight in Munich","robots":{"index":"index","follow":"follow","max-snippet":"max-snippet:-1","max-image-preview":"max-image-preview:large","max-video-preview":"max-video-preview:-1"},"canonical":"https:\/\/www.blackeight.com\/en\/internship-blackeight","og_locale":"en_US","og_type":"article","og_title":"Internship @ Blackeight - BLACKEIGHT - Brand Sparring Partner","og_description":"The Bachelor graduate Patrick W\u00fcst talks about his internship impressions at the brand consultancy Blackeight in Munich","og_url":"https:\/\/www.blackeight.com\/en\/internship-blackeight","og_site_name":"BLACKEIGHT - Brand Sparring Partner","article_published_time":"2017-03-10T10:01:06+00:00","article_modified_time":"2020-04-23T11:22:15+00:00","og_image":[{"url":"https:\/\/blackeight.com\/wp-content\/uploads\/2017\/03\/Patrick-Wuest_Blackeight_Markenberatung_Muenchen_Brand-Consultant-Praktikant.png","type":"","width":"","height":""}],"author":"Armin Schlamp, Matthias H\u00fcsgen","twitter_card":"summary_large_image","twitter_misc":{"Written by":"Armin Schlamp, Matthias H\u00fcsgen","Est. reading time":"2 minutes"},"schema":{"@context":"https:\/\/schema.org","@graph":[{"@type":"Article","@id":"https:\/\/www.blackeight.com\/en\/internship-blackeight#article","isPartOf":{"@id":"https:\/\/www.blackeight.com\/en\/internship-blackeight"},"author":{"name":"Armin Schlamp","@id":"https:\/\/www.blackeight.com\/#\/schema\/person\/7bde3d62621563d0ca76fb2f89af0018"},"headline":"Internship @ Blackeight","datePublished":"2017-03-10T10:01:06+00:00","dateModified":"2020-04-23T11:22:15+00:00","mainEntityOfPage":{"@id":"https:\/\/www.blackeight.com\/en\/internship-blackeight"},"wordCount":356,"image":{"@id":"https:\/\/www.blackeight.com\/en\/internship-blackeight#primaryimage"},"thumbnailUrl":"https:\/\/blackeight.com\/wp-content\/uploads\/2017\/03\/Patrick-Wuest_Blackeight_Markenberatung_Muenchen_Brand-Consultant-Praktikant.png","keywords":["Blackeight","brand internship","internship"],"articleSection":["Article"],"inLanguage":"en-US"},{"@type":"WebPage","@id":"https:\/\/www.blackeight.com\/en\/internship-blackeight","url":"https:\/\/www.blackeight.com\/en\/internship-blackeight","name":"Internship @ Blackeight - BLACKEIGHT - Brand Sparring Partner","isPartOf":{"@id":"https:\/\/www.blackeight.com\/#website"},"primaryImageOfPage":{"@id":"https:\/\/www.blackeight.com\/en\/internship-blackeight#primaryimage"},"image":{"@id":"https:\/\/www.blackeight.com\/en\/internship-blackeight#primaryimage"},"thumbnailUrl":"https:\/\/blackeight.com\/wp-content\/uploads\/2017\/03\/Patrick-Wuest_Blackeight_Markenberatung_Muenchen_Brand-Consultant-Praktikant.png","datePublished":"2017-03-10T10:01:06+00:00","dateModified":"2020-04-23T11:22:15+00:00","author":{"@id":"https:\/\/www.blackeight.com\/#\/schema\/person\/7bde3d62621563d0ca76fb2f89af0018"},"description":"The Bachelor graduate Patrick W\u00fcst talks about his internship impressions at the brand consultancy Blackeight in Munich","breadcrumb":{"@id":"https:\/\/www.blackeight.com\/en\/internship-blackeight#breadcrumb"},"inLanguage":"en-US","potentialAction":[{"@type":"ReadAction","target":["https:\/\/www.blackeight.com\/en\/internship-blackeight"]}]},{"@type":"ImageObject","inLanguage":"en-US","@id":"https:\/\/www.blackeight.com\/en\/internship-blackeight#primaryimage","url":"https:\/\/blackeight.com\/wp-content\/uploads\/2017\/03\/Patrick-Wuest_Blackeight_Markenberatung_Muenchen_Brand-Consultant-Praktikant.png","contentUrl":"https:\/\/blackeight.com\/wp-content\/uploads\/2017\/03\/Patrick-Wuest_Blackeight_Markenberatung_Muenchen_Brand-Consultant-Praktikant.png"},{"@type":"BreadcrumbList","@id":"https:\/\/www.blackeight.com\/en\/internship-blackeight#breadcrumb","itemListElement":[{"@type":"ListItem","position":1,"name":"Startseite","item":"https:\/\/www.blackeight.com\/en"},{"@type":"ListItem","position":2,"name":"Internship @ Blackeight"}]},{"@type":"WebSite","@id":"https:\/\/www.blackeight.com\/#website","url":"https:\/\/www.blackeight.com\/","name":"BLACKEIGHT - Brand Sparring Partner","description":"","potentialAction":[{"@type":"SearchAction","target":{"@type":"EntryPoint","urlTemplate":"https:\/\/www.blackeight.com\/?s={search_term_string}"},"query-input":{"@type":"PropertyValueSpecification","valueRequired":true,"valueName":"search_term_string"}}],"inLanguage":"en-US"},{"@type":"Person","@id":"https:\/\/www.blackeight.com\/#\/schema\/person\/7bde3d62621563d0ca76fb2f89af0018","name":"Armin Schlamp","description":"Armin Schlamp ist Gr\u00fcnder und Gesch\u00e4ftsf\u00fchrer von Blackeight. Seit \u00fcber 20 Jahren begleitet er als Brand Sparring Partner Menschen und Marken dabei, zukunftsf\u00e4hige Entscheidungen f\u00fcr Ihren nachhaltigen Erfolg zu treffen. Seine Expertise sch\u00f6pft er nicht nur aus seiner Erfahrung als Berater, sondern auch aus langj\u00e4hriger Berufserfahrung in der Industrie, u.a. der T\u00e4tigkeit als CMO in Interimsmandaten.","sameAs":["https:\/\/de.linkedin.com\/in\/armin-schlamp-06a7655a"],"url":"https:\/\/www.blackeight.com\/en\/author\/armin-schlamp"}]}},"_links":{"self":[{"href":"https:\/\/www.blackeight.com\/en\/wp-json\/wp\/v2\/posts\/3229","targetHints":{"allow":["GET"]}}],"collection":[{"href":"https:\/\/www.blackeight.com\/en\/wp-json\/wp\/v2\/posts"}],"about":[{"href":"https:\/\/www.blackeight.com\/en\/wp-json\/wp\/v2\/types\/post"}],"author":[{"embeddable":true,"href":"https:\/\/www.blackeight.com\/en\/wp-json\/wp\/v2\/users\/4"}],"replies":[{"embeddable":true,"href":"https:\/\/www.blackeight.com\/en\/wp-json\/wp\/v2\/comments?post=3229"}],"version-history":[{"count":0,"href":"https:\/\/www.blackeight.com\/en\/wp-json\/wp\/v2\/posts\/3229\/revisions"}],"wp:attachment":[{"href":"https:\/\/www.blackeight.com\/en\/wp-json\/wp\/v2\/media?parent=3229"}],"wp:term":[{"taxonomy":"category","embeddable":true,"href":"https:\/\/www.blackeight.com\/en\/wp-json\/wp\/v2\/categories?post=3229"},{"taxonomy":"post_tag","embeddable":true,"href":"https:\/\/www.blackeight.com\/en\/wp-json\/wp\/v2\/tags?post=3229"},{"taxonomy":"author","embeddable":true,"href":"https:\/\/www.blackeight.com\/en\/wp-json\/wp\/v2\/coauthors?post=3229"}],"curies":[{"name":"wp","href":"https:\/\/api.w.org\/{rel}","templated":true}]}}