{"id":2979,"date":"2016-11-02T09:36:43","date_gmt":"2016-11-02T08:36:43","guid":{"rendered":"http:\/\/blackeight.com\/?p=2979\/"},"modified":"2020-11-17T10:51:41","modified_gmt":"2020-11-17T09:51:41","slug":"dread-of-digital-transformation","status":"publish","type":"post","link":"https:\/\/www.blackeight.com\/en\/dread-of-digital-transformation","title":{"rendered":"Dread of digital transformation"},"content":{"rendered":"<p>In LEAD digital Dr. Matthias H\u00fcsgen and Armin Schlamp review why many companies lag behind digitalisation and how the right sparring partner can help closing the gap.<\/p>\n<p>&nbsp;<\/p>\n<p>The <a href=\"https:\/\/blackeight.com\/wp-content\/uploads\/2016\/12\/Blackeight_LEAD-digital_Digitale-Transformation.pdf\">article<\/a> is only available in German.<\/p>\n<p>&nbsp;<\/p>\n","protected":false},"excerpt":{"rendered":"<p>In LEAD digital Dr. Matthias H\u00fcsgen and Armin Schlamp are reviewing why many companies lag behind digitalisation<\/p>\n","protected":false},"author":4,"featured_media":6942,"comment_status":"closed","ping_status":"closed","sticky":false,"template":"","format":"standard","meta":{"_acf_changed":false,"footnotes":""},"categories":[407,238,408,409],"tags":[320,321,322],"coauthors":[193,195],"class_list":["post-2979","post","type-post","status-publish","format-standard","has-post-thumbnail","hentry","category-armin-schlamp-en-2","category-article-2","category-matthias-huesgen-en-2","category-pressemitteilung-en","tag-digital-transformation","tag-digitalisation","tag-lead"],"acf":[],"yoast_head":"<!-- This site is optimized with the Yoast SEO plugin v27.5 - https:\/\/yoast.com\/product\/yoast-seo-wordpress\/ -->\n<title>Dread of digital transformation - BLACKEIGHT - Brand Sparring Partner<\/title>\n<meta name=\"robots\" content=\"index, follow, max-snippet:-1, max-image-preview:large, max-video-preview:-1\" \/>\n<link rel=\"canonical\" href=\"https:\/\/www.blackeight.com\/en\/dread-of-digital-transformation\" \/>\n<meta property=\"og:locale\" content=\"en_US\" \/>\n<meta property=\"og:type\" content=\"article\" \/>\n<meta property=\"og:title\" content=\"Dread of digital transformation - BLACKEIGHT - Brand Sparring Partner\" \/>\n<meta property=\"og:description\" content=\"In LEAD digital Dr. Matthias H\u00fcsgen and Armin Schlamp are reviewing why many companies lag behind digitalisation\" \/>\n<meta property=\"og:url\" content=\"https:\/\/www.blackeight.com\/en\/dread-of-digital-transformation\" \/>\n<meta property=\"og:site_name\" content=\"BLACKEIGHT - Brand Sparring Partner\" \/>\n<meta property=\"article:published_time\" content=\"2016-11-02T08:36:43+00:00\" \/>\n<meta property=\"article:modified_time\" content=\"2020-11-17T09:51:41+00:00\" \/>\n<meta property=\"og:image\" content=\"https:\/\/www.blackeight.com\/wp-content\/uploads\/2020\/07\/publikationen-lead-500x462px.png\" \/>\n\t<meta property=\"og:image:width\" content=\"500\" \/>\n\t<meta property=\"og:image:height\" content=\"462\" \/>\n\t<meta property=\"og:image:type\" content=\"image\/png\" \/>\n<meta name=\"author\" content=\"Armin Schlamp, Matthias H\u00fcsgen\" \/>\n<meta name=\"twitter:card\" content=\"summary_large_image\" \/>\n<meta name=\"twitter:label1\" content=\"Written by\" \/>\n\t<meta name=\"twitter:data1\" content=\"Armin Schlamp, Matthias H\u00fcsgen\" \/>\n<script type=\"application\/ld+json\" class=\"yoast-schema-graph\">{\"@context\":\"https:\\\/\\\/schema.org\",\"@graph\":[{\"@type\":\"Article\",\"@id\":\"https:\\\/\\\/www.blackeight.com\\\/en\\\/dread-of-digital-transformation#article\",\"isPartOf\":{\"@id\":\"https:\\\/\\\/www.blackeight.com\\\/en\\\/dread-of-digital-transformation\"},\"author\":{\"name\":\"Armin Schlamp\",\"@id\":\"https:\\\/\\\/www.blackeight.com\\\/#\\\/schema\\\/person\\\/7bde3d62621563d0ca76fb2f89af0018\"},\"headline\":\"Dread of digital transformation\",\"datePublished\":\"2016-11-02T08:36:43+00:00\",\"dateModified\":\"2020-11-17T09:51:41+00:00\",\"mainEntityOfPage\":{\"@id\":\"https:\\\/\\\/www.blackeight.com\\\/en\\\/dread-of-digital-transformation\"},\"wordCount\":41,\"image\":{\"@id\":\"https:\\\/\\\/www.blackeight.com\\\/en\\\/dread-of-digital-transformation#primaryimage\"},\"thumbnailUrl\":\"https:\\\/\\\/www.blackeight.com\\\/wp-content\\\/uploads\\\/2020\\\/07\\\/publikationen-lead-500x462px.png\",\"keywords\":[\"digital transformation\",\"digitalisation\",\"lead\"],\"articleSection\":[\"Armin Schlamp\",\"Article\",\"Matthias H\u00fcsgen\",\"Pressemitteilung\"],\"inLanguage\":\"en-US\"},{\"@type\":\"WebPage\",\"@id\":\"https:\\\/\\\/www.blackeight.com\\\/en\\\/dread-of-digital-transformation\",\"url\":\"https:\\\/\\\/www.blackeight.com\\\/en\\\/dread-of-digital-transformation\",\"name\":\"Dread of digital transformation - BLACKEIGHT - Brand Sparring Partner\",\"isPartOf\":{\"@id\":\"https:\\\/\\\/www.blackeight.com\\\/#website\"},\"primaryImageOfPage\":{\"@id\":\"https:\\\/\\\/www.blackeight.com\\\/en\\\/dread-of-digital-transformation#primaryimage\"},\"image\":{\"@id\":\"https:\\\/\\\/www.blackeight.com\\\/en\\\/dread-of-digital-transformation#primaryimage\"},\"thumbnailUrl\":\"https:\\\/\\\/www.blackeight.com\\\/wp-content\\\/uploads\\\/2020\\\/07\\\/publikationen-lead-500x462px.png\",\"datePublished\":\"2016-11-02T08:36:43+00:00\",\"dateModified\":\"2020-11-17T09:51:41+00:00\",\"author\":{\"@id\":\"https:\\\/\\\/www.blackeight.com\\\/#\\\/schema\\\/person\\\/7bde3d62621563d0ca76fb2f89af0018\"},\"breadcrumb\":{\"@id\":\"https:\\\/\\\/www.blackeight.com\\\/en\\\/dread-of-digital-transformation#breadcrumb\"},\"inLanguage\":\"en-US\",\"potentialAction\":[{\"@type\":\"ReadAction\",\"target\":[\"https:\\\/\\\/www.blackeight.com\\\/en\\\/dread-of-digital-transformation\"]}]},{\"@type\":\"ImageObject\",\"inLanguage\":\"en-US\",\"@id\":\"https:\\\/\\\/www.blackeight.com\\\/en\\\/dread-of-digital-transformation#primaryimage\",\"url\":\"https:\\\/\\\/www.blackeight.com\\\/wp-content\\\/uploads\\\/2020\\\/07\\\/publikationen-lead-500x462px.png\",\"contentUrl\":\"https:\\\/\\\/www.blackeight.com\\\/wp-content\\\/uploads\\\/2020\\\/07\\\/publikationen-lead-500x462px.png\",\"width\":500,\"height\":462,\"caption\":\"Blackeight lead\"},{\"@type\":\"BreadcrumbList\",\"@id\":\"https:\\\/\\\/www.blackeight.com\\\/en\\\/dread-of-digital-transformation#breadcrumb\",\"itemListElement\":[{\"@type\":\"ListItem\",\"position\":1,\"name\":\"Startseite\",\"item\":\"https:\\\/\\\/www.blackeight.com\\\/en\"},{\"@type\":\"ListItem\",\"position\":2,\"name\":\"Dread of digital transformation\"}]},{\"@type\":\"WebSite\",\"@id\":\"https:\\\/\\\/www.blackeight.com\\\/#website\",\"url\":\"https:\\\/\\\/www.blackeight.com\\\/\",\"name\":\"BLACKEIGHT - Brand Sparring Partner\",\"description\":\"\",\"potentialAction\":[{\"@type\":\"SearchAction\",\"target\":{\"@type\":\"EntryPoint\",\"urlTemplate\":\"https:\\\/\\\/www.blackeight.com\\\/?s={search_term_string}\"},\"query-input\":{\"@type\":\"PropertyValueSpecification\",\"valueRequired\":true,\"valueName\":\"search_term_string\"}}],\"inLanguage\":\"en-US\"},{\"@type\":\"Person\",\"@id\":\"https:\\\/\\\/www.blackeight.com\\\/#\\\/schema\\\/person\\\/7bde3d62621563d0ca76fb2f89af0018\",\"name\":\"Armin Schlamp\",\"description\":\"Armin Schlamp ist Gr\u00fcnder und Gesch\u00e4ftsf\u00fchrer von Blackeight. Seit \u00fcber 20 Jahren begleitet er als Brand Sparring Partner Menschen und Marken dabei, zukunftsf\u00e4hige Entscheidungen f\u00fcr Ihren nachhaltigen Erfolg zu treffen. Seine Expertise sch\u00f6pft er nicht nur aus seiner Erfahrung als Berater, sondern auch aus langj\u00e4hriger Berufserfahrung in der Industrie, u.a. der T\u00e4tigkeit als CMO in Interimsmandaten.\",\"sameAs\":[\"https:\\\/\\\/de.linkedin.com\\\/in\\\/armin-schlamp-06a7655a\"],\"url\":\"https:\\\/\\\/www.blackeight.com\\\/en\\\/author\\\/armin-schlamp\"}]}<\/script>\n<!-- \/ Yoast SEO plugin. -->","yoast_head_json":{"title":"Dread of digital transformation - BLACKEIGHT - Brand Sparring Partner","robots":{"index":"index","follow":"follow","max-snippet":"max-snippet:-1","max-image-preview":"max-image-preview:large","max-video-preview":"max-video-preview:-1"},"canonical":"https:\/\/www.blackeight.com\/en\/dread-of-digital-transformation","og_locale":"en_US","og_type":"article","og_title":"Dread of digital transformation - BLACKEIGHT - Brand Sparring Partner","og_description":"In LEAD digital Dr. Matthias H\u00fcsgen and Armin Schlamp are reviewing why many companies lag behind digitalisation","og_url":"https:\/\/www.blackeight.com\/en\/dread-of-digital-transformation","og_site_name":"BLACKEIGHT - Brand Sparring Partner","article_published_time":"2016-11-02T08:36:43+00:00","article_modified_time":"2020-11-17T09:51:41+00:00","og_image":[{"width":500,"height":462,"url":"https:\/\/www.blackeight.com\/wp-content\/uploads\/2020\/07\/publikationen-lead-500x462px.png","type":"image\/png"}],"author":"Armin Schlamp, Matthias H\u00fcsgen","twitter_card":"summary_large_image","twitter_misc":{"Written by":"Armin Schlamp, Matthias H\u00fcsgen"},"schema":{"@context":"https:\/\/schema.org","@graph":[{"@type":"Article","@id":"https:\/\/www.blackeight.com\/en\/dread-of-digital-transformation#article","isPartOf":{"@id":"https:\/\/www.blackeight.com\/en\/dread-of-digital-transformation"},"author":{"name":"Armin Schlamp","@id":"https:\/\/www.blackeight.com\/#\/schema\/person\/7bde3d62621563d0ca76fb2f89af0018"},"headline":"Dread of digital transformation","datePublished":"2016-11-02T08:36:43+00:00","dateModified":"2020-11-17T09:51:41+00:00","mainEntityOfPage":{"@id":"https:\/\/www.blackeight.com\/en\/dread-of-digital-transformation"},"wordCount":41,"image":{"@id":"https:\/\/www.blackeight.com\/en\/dread-of-digital-transformation#primaryimage"},"thumbnailUrl":"https:\/\/www.blackeight.com\/wp-content\/uploads\/2020\/07\/publikationen-lead-500x462px.png","keywords":["digital transformation","digitalisation","lead"],"articleSection":["Armin Schlamp","Article","Matthias H\u00fcsgen","Pressemitteilung"],"inLanguage":"en-US"},{"@type":"WebPage","@id":"https:\/\/www.blackeight.com\/en\/dread-of-digital-transformation","url":"https:\/\/www.blackeight.com\/en\/dread-of-digital-transformation","name":"Dread of digital transformation - BLACKEIGHT - Brand Sparring Partner","isPartOf":{"@id":"https:\/\/www.blackeight.com\/#website"},"primaryImageOfPage":{"@id":"https:\/\/www.blackeight.com\/en\/dread-of-digital-transformation#primaryimage"},"image":{"@id":"https:\/\/www.blackeight.com\/en\/dread-of-digital-transformation#primaryimage"},"thumbnailUrl":"https:\/\/www.blackeight.com\/wp-content\/uploads\/2020\/07\/publikationen-lead-500x462px.png","datePublished":"2016-11-02T08:36:43+00:00","dateModified":"2020-11-17T09:51:41+00:00","author":{"@id":"https:\/\/www.blackeight.com\/#\/schema\/person\/7bde3d62621563d0ca76fb2f89af0018"},"breadcrumb":{"@id":"https:\/\/www.blackeight.com\/en\/dread-of-digital-transformation#breadcrumb"},"inLanguage":"en-US","potentialAction":[{"@type":"ReadAction","target":["https:\/\/www.blackeight.com\/en\/dread-of-digital-transformation"]}]},{"@type":"ImageObject","inLanguage":"en-US","@id":"https:\/\/www.blackeight.com\/en\/dread-of-digital-transformation#primaryimage","url":"https:\/\/www.blackeight.com\/wp-content\/uploads\/2020\/07\/publikationen-lead-500x462px.png","contentUrl":"https:\/\/www.blackeight.com\/wp-content\/uploads\/2020\/07\/publikationen-lead-500x462px.png","width":500,"height":462,"caption":"Blackeight lead"},{"@type":"BreadcrumbList","@id":"https:\/\/www.blackeight.com\/en\/dread-of-digital-transformation#breadcrumb","itemListElement":[{"@type":"ListItem","position":1,"name":"Startseite","item":"https:\/\/www.blackeight.com\/en"},{"@type":"ListItem","position":2,"name":"Dread of digital transformation"}]},{"@type":"WebSite","@id":"https:\/\/www.blackeight.com\/#website","url":"https:\/\/www.blackeight.com\/","name":"BLACKEIGHT - Brand Sparring Partner","description":"","potentialAction":[{"@type":"SearchAction","target":{"@type":"EntryPoint","urlTemplate":"https:\/\/www.blackeight.com\/?s={search_term_string}"},"query-input":{"@type":"PropertyValueSpecification","valueRequired":true,"valueName":"search_term_string"}}],"inLanguage":"en-US"},{"@type":"Person","@id":"https:\/\/www.blackeight.com\/#\/schema\/person\/7bde3d62621563d0ca76fb2f89af0018","name":"Armin Schlamp","description":"Armin Schlamp ist Gr\u00fcnder und Gesch\u00e4ftsf\u00fchrer von Blackeight. Seit \u00fcber 20 Jahren begleitet er als Brand Sparring Partner Menschen und Marken dabei, zukunftsf\u00e4hige Entscheidungen f\u00fcr Ihren nachhaltigen Erfolg zu treffen. Seine Expertise sch\u00f6pft er nicht nur aus seiner Erfahrung als Berater, sondern auch aus langj\u00e4hriger Berufserfahrung in der Industrie, u.a. der T\u00e4tigkeit als CMO in Interimsmandaten.","sameAs":["https:\/\/de.linkedin.com\/in\/armin-schlamp-06a7655a"],"url":"https:\/\/www.blackeight.com\/en\/author\/armin-schlamp"}]}},"_links":{"self":[{"href":"https:\/\/www.blackeight.com\/en\/wp-json\/wp\/v2\/posts\/2979","targetHints":{"allow":["GET"]}}],"collection":[{"href":"https:\/\/www.blackeight.com\/en\/wp-json\/wp\/v2\/posts"}],"about":[{"href":"https:\/\/www.blackeight.com\/en\/wp-json\/wp\/v2\/types\/post"}],"author":[{"embeddable":true,"href":"https:\/\/www.blackeight.com\/en\/wp-json\/wp\/v2\/users\/4"}],"replies":[{"embeddable":true,"href":"https:\/\/www.blackeight.com\/en\/wp-json\/wp\/v2\/comments?post=2979"}],"version-history":[{"count":0,"href":"https:\/\/www.blackeight.com\/en\/wp-json\/wp\/v2\/posts\/2979\/revisions"}],"wp:featuredmedia":[{"embeddable":true,"href":"https:\/\/www.blackeight.com\/en\/wp-json\/wp\/v2\/media\/6942"}],"wp:attachment":[{"href":"https:\/\/www.blackeight.com\/en\/wp-json\/wp\/v2\/media?parent=2979"}],"wp:term":[{"taxonomy":"category","embeddable":true,"href":"https:\/\/www.blackeight.com\/en\/wp-json\/wp\/v2\/categories?post=2979"},{"taxonomy":"post_tag","embeddable":true,"href":"https:\/\/www.blackeight.com\/en\/wp-json\/wp\/v2\/tags?post=2979"},{"taxonomy":"author","embeddable":true,"href":"https:\/\/www.blackeight.com\/en\/wp-json\/wp\/v2\/coauthors?post=2979"}],"curies":[{"name":"wp","href":"https:\/\/api.w.org\/{rel}","templated":true}]}}