{"id":2973,"date":"2016-12-14T15:35:02","date_gmt":"2016-12-14T14:35:02","guid":{"rendered":"http:\/\/blackeight.com\/?p=2973\/"},"modified":"2020-04-23T13:30:15","modified_gmt":"2020-04-23T11:30:15","slug":"new-member-for-continous-growth","status":"publish","type":"post","link":"https:\/\/www.blackeight.com\/en\/new-member-for-continous-growth","title":{"rendered":"New member for continuous growth"},"content":{"rendered":"<p>Starting January 2017 we expand our management team with Andreas Thoma and strengthen our portfolio.<\/p>\n<p>The full <a href=\"https:\/\/blackeight.com\/neuer-kopf-fuer-weiteres-wachstum\/\">post<\/a> is only available in German.<\/p>\n<p>&nbsp;<\/p>\n","protected":false},"excerpt":{"rendered":"<p>Starting January 2017 we expand our management team with Andreas Thoma and strengthen our portfolio<\/p>\n","protected":false},"author":4,"featured_media":0,"comment_status":"closed","ping_status":"open","sticky":false,"template":"","format":"standard","meta":{"_acf_changed":false,"footnotes":""},"categories":[237],"tags":[319,228],"coauthors":[193,195],"class_list":["post-2973","post","type-post","status-publish","format-standard","hentry","category-press","tag-andreas-thoma-en","tag-blackeight-en"],"acf":[],"yoast_head":"<!-- This site is optimized with the Yoast SEO plugin v27.5 - https:\/\/yoast.com\/product\/yoast-seo-wordpress\/ -->\n<title>New member for continuous growth - BLACKEIGHT - Brand Sparring Partner<\/title>\n<meta name=\"description\" content=\"Starting January 2017 the brand consultancy Blackeight expands its management team with Andreas Thoma and strengthens its portfolio.\" \/>\n<meta name=\"robots\" content=\"index, follow, max-snippet:-1, max-image-preview:large, max-video-preview:-1\" \/>\n<link rel=\"canonical\" href=\"https:\/\/www.blackeight.com\/en\/new-member-for-continous-growth\" \/>\n<meta property=\"og:locale\" content=\"en_US\" \/>\n<meta property=\"og:type\" content=\"article\" \/>\n<meta property=\"og:title\" content=\"New member for continuous growth - BLACKEIGHT - Brand Sparring Partner\" \/>\n<meta property=\"og:description\" content=\"Starting January 2017 the brand consultancy Blackeight expands its management team with Andreas Thoma and strengthens its portfolio.\" \/>\n<meta property=\"og:url\" content=\"https:\/\/www.blackeight.com\/en\/new-member-for-continous-growth\" \/>\n<meta property=\"og:site_name\" content=\"BLACKEIGHT - Brand Sparring Partner\" \/>\n<meta property=\"article:published_time\" content=\"2016-12-14T14:35:02+00:00\" \/>\n<meta property=\"article:modified_time\" content=\"2020-04-23T11:30:15+00:00\" \/>\n<meta name=\"author\" content=\"Armin Schlamp, Matthias H\u00fcsgen\" \/>\n<meta name=\"twitter:card\" content=\"summary_large_image\" \/>\n<meta name=\"twitter:label1\" content=\"Written by\" \/>\n\t<meta name=\"twitter:data1\" content=\"Armin Schlamp, Matthias H\u00fcsgen\" \/>\n<script type=\"application\/ld+json\" class=\"yoast-schema-graph\">{\"@context\":\"https:\\\/\\\/schema.org\",\"@graph\":[{\"@type\":\"Article\",\"@id\":\"https:\\\/\\\/www.blackeight.com\\\/en\\\/new-member-for-continous-growth#article\",\"isPartOf\":{\"@id\":\"https:\\\/\\\/www.blackeight.com\\\/en\\\/new-member-for-continous-growth\"},\"author\":{\"name\":\"Armin Schlamp\",\"@id\":\"https:\\\/\\\/www.blackeight.com\\\/#\\\/schema\\\/person\\\/7bde3d62621563d0ca76fb2f89af0018\"},\"headline\":\"New member for continuous growth\",\"datePublished\":\"2016-12-14T14:35:02+00:00\",\"dateModified\":\"2020-04-23T11:30:15+00:00\",\"mainEntityOfPage\":{\"@id\":\"https:\\\/\\\/www.blackeight.com\\\/en\\\/new-member-for-continous-growth\"},\"wordCount\":28,\"keywords\":[\"Andreas Thoma\",\"Blackeight\"],\"articleSection\":[\"Press\"],\"inLanguage\":\"en-US\"},{\"@type\":\"WebPage\",\"@id\":\"https:\\\/\\\/www.blackeight.com\\\/en\\\/new-member-for-continous-growth\",\"url\":\"https:\\\/\\\/www.blackeight.com\\\/en\\\/new-member-for-continous-growth\",\"name\":\"New member for continuous growth - BLACKEIGHT - Brand Sparring Partner\",\"isPartOf\":{\"@id\":\"https:\\\/\\\/www.blackeight.com\\\/#website\"},\"datePublished\":\"2016-12-14T14:35:02+00:00\",\"dateModified\":\"2020-04-23T11:30:15+00:00\",\"author\":{\"@id\":\"https:\\\/\\\/www.blackeight.com\\\/#\\\/schema\\\/person\\\/7bde3d62621563d0ca76fb2f89af0018\"},\"description\":\"Starting January 2017 the brand consultancy Blackeight expands its management team with Andreas Thoma and strengthens its portfolio.\",\"breadcrumb\":{\"@id\":\"https:\\\/\\\/www.blackeight.com\\\/en\\\/new-member-for-continous-growth#breadcrumb\"},\"inLanguage\":\"en-US\",\"potentialAction\":[{\"@type\":\"ReadAction\",\"target\":[\"https:\\\/\\\/www.blackeight.com\\\/en\\\/new-member-for-continous-growth\"]}]},{\"@type\":\"BreadcrumbList\",\"@id\":\"https:\\\/\\\/www.blackeight.com\\\/en\\\/new-member-for-continous-growth#breadcrumb\",\"itemListElement\":[{\"@type\":\"ListItem\",\"position\":1,\"name\":\"Startseite\",\"item\":\"https:\\\/\\\/www.blackeight.com\\\/en\"},{\"@type\":\"ListItem\",\"position\":2,\"name\":\"New member for continuous growth\"}]},{\"@type\":\"WebSite\",\"@id\":\"https:\\\/\\\/www.blackeight.com\\\/#website\",\"url\":\"https:\\\/\\\/www.blackeight.com\\\/\",\"name\":\"BLACKEIGHT - Brand Sparring Partner\",\"description\":\"\",\"potentialAction\":[{\"@type\":\"SearchAction\",\"target\":{\"@type\":\"EntryPoint\",\"urlTemplate\":\"https:\\\/\\\/www.blackeight.com\\\/?s={search_term_string}\"},\"query-input\":{\"@type\":\"PropertyValueSpecification\",\"valueRequired\":true,\"valueName\":\"search_term_string\"}}],\"inLanguage\":\"en-US\"},{\"@type\":\"Person\",\"@id\":\"https:\\\/\\\/www.blackeight.com\\\/#\\\/schema\\\/person\\\/7bde3d62621563d0ca76fb2f89af0018\",\"name\":\"Armin Schlamp\",\"description\":\"Armin Schlamp ist Gr\u00fcnder und Gesch\u00e4ftsf\u00fchrer von Blackeight. Seit \u00fcber 20 Jahren begleitet er als Brand Sparring Partner Menschen und Marken dabei, zukunftsf\u00e4hige Entscheidungen f\u00fcr Ihren nachhaltigen Erfolg zu treffen. Seine Expertise sch\u00f6pft er nicht nur aus seiner Erfahrung als Berater, sondern auch aus langj\u00e4hriger Berufserfahrung in der Industrie, u.a. der T\u00e4tigkeit als CMO in Interimsmandaten.\",\"sameAs\":[\"https:\\\/\\\/de.linkedin.com\\\/in\\\/armin-schlamp-06a7655a\"],\"url\":\"https:\\\/\\\/www.blackeight.com\\\/en\\\/author\\\/armin-schlamp\"}]}<\/script>\n<!-- \/ Yoast SEO plugin. -->","yoast_head_json":{"title":"New member for continuous growth - BLACKEIGHT - Brand Sparring Partner","description":"Starting January 2017 the brand consultancy Blackeight expands its management team with Andreas Thoma and strengthens its portfolio.","robots":{"index":"index","follow":"follow","max-snippet":"max-snippet:-1","max-image-preview":"max-image-preview:large","max-video-preview":"max-video-preview:-1"},"canonical":"https:\/\/www.blackeight.com\/en\/new-member-for-continous-growth","og_locale":"en_US","og_type":"article","og_title":"New member for continuous growth - BLACKEIGHT - Brand Sparring Partner","og_description":"Starting January 2017 the brand consultancy Blackeight expands its management team with Andreas Thoma and strengthens its portfolio.","og_url":"https:\/\/www.blackeight.com\/en\/new-member-for-continous-growth","og_site_name":"BLACKEIGHT - Brand Sparring Partner","article_published_time":"2016-12-14T14:35:02+00:00","article_modified_time":"2020-04-23T11:30:15+00:00","author":"Armin Schlamp, Matthias H\u00fcsgen","twitter_card":"summary_large_image","twitter_misc":{"Written by":"Armin Schlamp, Matthias H\u00fcsgen"},"schema":{"@context":"https:\/\/schema.org","@graph":[{"@type":"Article","@id":"https:\/\/www.blackeight.com\/en\/new-member-for-continous-growth#article","isPartOf":{"@id":"https:\/\/www.blackeight.com\/en\/new-member-for-continous-growth"},"author":{"name":"Armin Schlamp","@id":"https:\/\/www.blackeight.com\/#\/schema\/person\/7bde3d62621563d0ca76fb2f89af0018"},"headline":"New member for continuous growth","datePublished":"2016-12-14T14:35:02+00:00","dateModified":"2020-04-23T11:30:15+00:00","mainEntityOfPage":{"@id":"https:\/\/www.blackeight.com\/en\/new-member-for-continous-growth"},"wordCount":28,"keywords":["Andreas Thoma","Blackeight"],"articleSection":["Press"],"inLanguage":"en-US"},{"@type":"WebPage","@id":"https:\/\/www.blackeight.com\/en\/new-member-for-continous-growth","url":"https:\/\/www.blackeight.com\/en\/new-member-for-continous-growth","name":"New member for continuous growth - BLACKEIGHT - Brand Sparring Partner","isPartOf":{"@id":"https:\/\/www.blackeight.com\/#website"},"datePublished":"2016-12-14T14:35:02+00:00","dateModified":"2020-04-23T11:30:15+00:00","author":{"@id":"https:\/\/www.blackeight.com\/#\/schema\/person\/7bde3d62621563d0ca76fb2f89af0018"},"description":"Starting January 2017 the brand consultancy Blackeight expands its management team with Andreas Thoma and strengthens its portfolio.","breadcrumb":{"@id":"https:\/\/www.blackeight.com\/en\/new-member-for-continous-growth#breadcrumb"},"inLanguage":"en-US","potentialAction":[{"@type":"ReadAction","target":["https:\/\/www.blackeight.com\/en\/new-member-for-continous-growth"]}]},{"@type":"BreadcrumbList","@id":"https:\/\/www.blackeight.com\/en\/new-member-for-continous-growth#breadcrumb","itemListElement":[{"@type":"ListItem","position":1,"name":"Startseite","item":"https:\/\/www.blackeight.com\/en"},{"@type":"ListItem","position":2,"name":"New member for continuous growth"}]},{"@type":"WebSite","@id":"https:\/\/www.blackeight.com\/#website","url":"https:\/\/www.blackeight.com\/","name":"BLACKEIGHT - Brand Sparring Partner","description":"","potentialAction":[{"@type":"SearchAction","target":{"@type":"EntryPoint","urlTemplate":"https:\/\/www.blackeight.com\/?s={search_term_string}"},"query-input":{"@type":"PropertyValueSpecification","valueRequired":true,"valueName":"search_term_string"}}],"inLanguage":"en-US"},{"@type":"Person","@id":"https:\/\/www.blackeight.com\/#\/schema\/person\/7bde3d62621563d0ca76fb2f89af0018","name":"Armin Schlamp","description":"Armin Schlamp ist Gr\u00fcnder und Gesch\u00e4ftsf\u00fchrer von Blackeight. Seit \u00fcber 20 Jahren begleitet er als Brand Sparring Partner Menschen und Marken dabei, zukunftsf\u00e4hige Entscheidungen f\u00fcr Ihren nachhaltigen Erfolg zu treffen. Seine Expertise sch\u00f6pft er nicht nur aus seiner Erfahrung als Berater, sondern auch aus langj\u00e4hriger Berufserfahrung in der Industrie, u.a. der T\u00e4tigkeit als CMO in Interimsmandaten.","sameAs":["https:\/\/de.linkedin.com\/in\/armin-schlamp-06a7655a"],"url":"https:\/\/www.blackeight.com\/en\/author\/armin-schlamp"}]}},"_links":{"self":[{"href":"https:\/\/www.blackeight.com\/en\/wp-json\/wp\/v2\/posts\/2973","targetHints":{"allow":["GET"]}}],"collection":[{"href":"https:\/\/www.blackeight.com\/en\/wp-json\/wp\/v2\/posts"}],"about":[{"href":"https:\/\/www.blackeight.com\/en\/wp-json\/wp\/v2\/types\/post"}],"author":[{"embeddable":true,"href":"https:\/\/www.blackeight.com\/en\/wp-json\/wp\/v2\/users\/4"}],"replies":[{"embeddable":true,"href":"https:\/\/www.blackeight.com\/en\/wp-json\/wp\/v2\/comments?post=2973"}],"version-history":[{"count":0,"href":"https:\/\/www.blackeight.com\/en\/wp-json\/wp\/v2\/posts\/2973\/revisions"}],"wp:attachment":[{"href":"https:\/\/www.blackeight.com\/en\/wp-json\/wp\/v2\/media?parent=2973"}],"wp:term":[{"taxonomy":"category","embeddable":true,"href":"https:\/\/www.blackeight.com\/en\/wp-json\/wp\/v2\/categories?post=2973"},{"taxonomy":"post_tag","embeddable":true,"href":"https:\/\/www.blackeight.com\/en\/wp-json\/wp\/v2\/tags?post=2973"},{"taxonomy":"author","embeddable":true,"href":"https:\/\/www.blackeight.com\/en\/wp-json\/wp\/v2\/coauthors?post=2973"}],"curies":[{"name":"wp","href":"https:\/\/api.w.org\/{rel}","templated":true}]}}