{"id":2587,"date":"2016-07-21T21:54:32","date_gmt":"2016-07-21T19:54:32","guid":{"rendered":"http:\/\/blackeight.com\/en\/?p=2587"},"modified":"2020-04-23T13:33:44","modified_gmt":"2020-04-23T11:33:44","slug":"boerlind-wins-german-brand-award-2016","status":"publish","type":"post","link":"https:\/\/www.blackeight.com\/en\/boerlind-wins-german-brand-award-2016","title":{"rendered":"Annemarie B\u00f6rlind wins German Brand Award 2016"},"content":{"rendered":"<p>The article is only available in German. To read the complete article please change the language in the main menu.<\/p>\n<p>&nbsp;<\/p>\n<p><img loading=\"lazy\" decoding=\"async\" class=\"alignnone wp-image-2601 size-medium\" src=\"https:\/\/blackeight.com\/wp-content\/uploads\/2016\/07\/brand-award-logo_quer-600x300.png\" alt=\"german brand award 2016\" width=\"600\" height=\"300\" \/><\/p>\n<p>&nbsp;<\/p>\n","protected":false},"excerpt":{"rendered":"<p>Jointly with us, organic cosmetic brand Annemarie B\u00f6rlind has refined and sharpened their brand strategy and design<\/p>\n","protected":false},"author":4,"featured_media":0,"comment_status":"closed","ping_status":"closed","sticky":false,"template":"","format":"standard","meta":{"_acf_changed":false,"footnotes":""},"categories":[238],"tags":[324,323],"coauthors":[193,195],"class_list":["post-2587","post","type-post","status-publish","format-standard","hentry","category-article-2","tag-annemarie-boerlind-en","tag-german-brand-award"],"acf":[],"yoast_head":"<!-- This site is optimized with the Yoast SEO plugin v27.5 - https:\/\/yoast.com\/product\/yoast-seo-wordpress\/ -->\n<title>Annemarie B\u00f6rlind wins German Brand Award 2016 - BLACKEIGHT - Brand Sparring Partner<\/title>\n<meta name=\"robots\" content=\"index, follow, max-snippet:-1, max-image-preview:large, max-video-preview:-1\" \/>\n<link rel=\"canonical\" href=\"https:\/\/www.blackeight.com\/en\/boerlind-wins-german-brand-award-2016\" \/>\n<meta property=\"og:locale\" content=\"en_US\" \/>\n<meta property=\"og:type\" content=\"article\" \/>\n<meta property=\"og:title\" content=\"Annemarie B\u00f6rlind wins German Brand Award 2016 - BLACKEIGHT - Brand Sparring Partner\" \/>\n<meta property=\"og:description\" content=\"Jointly with us, organic cosmetic brand Annemarie B\u00f6rlind has refined and sharpened their brand strategy and design\" \/>\n<meta property=\"og:url\" content=\"https:\/\/www.blackeight.com\/en\/boerlind-wins-german-brand-award-2016\" \/>\n<meta property=\"og:site_name\" content=\"BLACKEIGHT - Brand Sparring Partner\" \/>\n<meta property=\"article:published_time\" content=\"2016-07-21T19:54:32+00:00\" \/>\n<meta property=\"article:modified_time\" content=\"2020-04-23T11:33:44+00:00\" \/>\n<meta property=\"og:image\" content=\"https:\/\/blackeight.com\/wp-content\/uploads\/2016\/07\/brand-award-logo_quer-600x300.png\" \/>\n<meta name=\"author\" content=\"Armin Schlamp, Matthias H\u00fcsgen\" \/>\n<meta name=\"twitter:card\" content=\"summary_large_image\" \/>\n<meta name=\"twitter:label1\" content=\"Written by\" \/>\n\t<meta name=\"twitter:data1\" content=\"Armin Schlamp, Matthias H\u00fcsgen\" \/>\n<script type=\"application\/ld+json\" class=\"yoast-schema-graph\">{\"@context\":\"https:\\\/\\\/schema.org\",\"@graph\":[{\"@type\":\"Article\",\"@id\":\"https:\\\/\\\/www.blackeight.com\\\/en\\\/boerlind-wins-german-brand-award-2016#article\",\"isPartOf\":{\"@id\":\"https:\\\/\\\/www.blackeight.com\\\/en\\\/boerlind-wins-german-brand-award-2016\"},\"author\":{\"name\":\"Armin Schlamp\",\"@id\":\"https:\\\/\\\/www.blackeight.com\\\/#\\\/schema\\\/person\\\/7bde3d62621563d0ca76fb2f89af0018\"},\"headline\":\"Annemarie B\u00f6rlind wins German Brand Award 2016\",\"datePublished\":\"2016-07-21T19:54:32+00:00\",\"dateModified\":\"2020-04-23T11:33:44+00:00\",\"mainEntityOfPage\":{\"@id\":\"https:\\\/\\\/www.blackeight.com\\\/en\\\/boerlind-wins-german-brand-award-2016\"},\"wordCount\":29,\"image\":{\"@id\":\"https:\\\/\\\/www.blackeight.com\\\/en\\\/boerlind-wins-german-brand-award-2016#primaryimage\"},\"thumbnailUrl\":\"https:\\\/\\\/blackeight.com\\\/wp-content\\\/uploads\\\/2016\\\/07\\\/brand-award-logo_quer-600x300.png\",\"keywords\":[\"Annemarie B\u00f6rlind\",\"German Brand Award\"],\"articleSection\":[\"Article\"],\"inLanguage\":\"en-US\"},{\"@type\":\"WebPage\",\"@id\":\"https:\\\/\\\/www.blackeight.com\\\/en\\\/boerlind-wins-german-brand-award-2016\",\"url\":\"https:\\\/\\\/www.blackeight.com\\\/en\\\/boerlind-wins-german-brand-award-2016\",\"name\":\"Annemarie B\u00f6rlind wins German Brand Award 2016 - BLACKEIGHT - Brand Sparring Partner\",\"isPartOf\":{\"@id\":\"https:\\\/\\\/www.blackeight.com\\\/#website\"},\"primaryImageOfPage\":{\"@id\":\"https:\\\/\\\/www.blackeight.com\\\/en\\\/boerlind-wins-german-brand-award-2016#primaryimage\"},\"image\":{\"@id\":\"https:\\\/\\\/www.blackeight.com\\\/en\\\/boerlind-wins-german-brand-award-2016#primaryimage\"},\"thumbnailUrl\":\"https:\\\/\\\/blackeight.com\\\/wp-content\\\/uploads\\\/2016\\\/07\\\/brand-award-logo_quer-600x300.png\",\"datePublished\":\"2016-07-21T19:54:32+00:00\",\"dateModified\":\"2020-04-23T11:33:44+00:00\",\"author\":{\"@id\":\"https:\\\/\\\/www.blackeight.com\\\/#\\\/schema\\\/person\\\/7bde3d62621563d0ca76fb2f89af0018\"},\"breadcrumb\":{\"@id\":\"https:\\\/\\\/www.blackeight.com\\\/en\\\/boerlind-wins-german-brand-award-2016#breadcrumb\"},\"inLanguage\":\"en-US\",\"potentialAction\":[{\"@type\":\"ReadAction\",\"target\":[\"https:\\\/\\\/www.blackeight.com\\\/en\\\/boerlind-wins-german-brand-award-2016\"]}]},{\"@type\":\"ImageObject\",\"inLanguage\":\"en-US\",\"@id\":\"https:\\\/\\\/www.blackeight.com\\\/en\\\/boerlind-wins-german-brand-award-2016#primaryimage\",\"url\":\"https:\\\/\\\/blackeight.com\\\/wp-content\\\/uploads\\\/2016\\\/07\\\/brand-award-logo_quer-600x300.png\",\"contentUrl\":\"https:\\\/\\\/blackeight.com\\\/wp-content\\\/uploads\\\/2016\\\/07\\\/brand-award-logo_quer-600x300.png\"},{\"@type\":\"BreadcrumbList\",\"@id\":\"https:\\\/\\\/www.blackeight.com\\\/en\\\/boerlind-wins-german-brand-award-2016#breadcrumb\",\"itemListElement\":[{\"@type\":\"ListItem\",\"position\":1,\"name\":\"Startseite\",\"item\":\"https:\\\/\\\/www.blackeight.com\\\/en\"},{\"@type\":\"ListItem\",\"position\":2,\"name\":\"Annemarie B\u00f6rlind wins German Brand Award 2016\"}]},{\"@type\":\"WebSite\",\"@id\":\"https:\\\/\\\/www.blackeight.com\\\/#website\",\"url\":\"https:\\\/\\\/www.blackeight.com\\\/\",\"name\":\"BLACKEIGHT - Brand Sparring Partner\",\"description\":\"\",\"potentialAction\":[{\"@type\":\"SearchAction\",\"target\":{\"@type\":\"EntryPoint\",\"urlTemplate\":\"https:\\\/\\\/www.blackeight.com\\\/?s={search_term_string}\"},\"query-input\":{\"@type\":\"PropertyValueSpecification\",\"valueRequired\":true,\"valueName\":\"search_term_string\"}}],\"inLanguage\":\"en-US\"},{\"@type\":\"Person\",\"@id\":\"https:\\\/\\\/www.blackeight.com\\\/#\\\/schema\\\/person\\\/7bde3d62621563d0ca76fb2f89af0018\",\"name\":\"Armin Schlamp\",\"description\":\"Armin Schlamp ist Gr\u00fcnder und Gesch\u00e4ftsf\u00fchrer von Blackeight. Seit \u00fcber 20 Jahren begleitet er als Brand Sparring Partner Menschen und Marken dabei, zukunftsf\u00e4hige Entscheidungen f\u00fcr Ihren nachhaltigen Erfolg zu treffen. Seine Expertise sch\u00f6pft er nicht nur aus seiner Erfahrung als Berater, sondern auch aus langj\u00e4hriger Berufserfahrung in der Industrie, u.a. der T\u00e4tigkeit als CMO in Interimsmandaten.\",\"sameAs\":[\"https:\\\/\\\/de.linkedin.com\\\/in\\\/armin-schlamp-06a7655a\"],\"url\":\"https:\\\/\\\/www.blackeight.com\\\/en\\\/author\\\/armin-schlamp\"}]}<\/script>\n<!-- \/ Yoast SEO plugin. -->","yoast_head_json":{"title":"Annemarie B\u00f6rlind wins German Brand Award 2016 - BLACKEIGHT - Brand Sparring Partner","robots":{"index":"index","follow":"follow","max-snippet":"max-snippet:-1","max-image-preview":"max-image-preview:large","max-video-preview":"max-video-preview:-1"},"canonical":"https:\/\/www.blackeight.com\/en\/boerlind-wins-german-brand-award-2016","og_locale":"en_US","og_type":"article","og_title":"Annemarie B\u00f6rlind wins German Brand Award 2016 - BLACKEIGHT - Brand Sparring Partner","og_description":"Jointly with us, organic cosmetic brand Annemarie B\u00f6rlind has refined and sharpened their brand strategy and design","og_url":"https:\/\/www.blackeight.com\/en\/boerlind-wins-german-brand-award-2016","og_site_name":"BLACKEIGHT - Brand Sparring Partner","article_published_time":"2016-07-21T19:54:32+00:00","article_modified_time":"2020-04-23T11:33:44+00:00","og_image":[{"url":"https:\/\/blackeight.com\/wp-content\/uploads\/2016\/07\/brand-award-logo_quer-600x300.png","type":"","width":"","height":""}],"author":"Armin Schlamp, Matthias H\u00fcsgen","twitter_card":"summary_large_image","twitter_misc":{"Written by":"Armin Schlamp, Matthias H\u00fcsgen"},"schema":{"@context":"https:\/\/schema.org","@graph":[{"@type":"Article","@id":"https:\/\/www.blackeight.com\/en\/boerlind-wins-german-brand-award-2016#article","isPartOf":{"@id":"https:\/\/www.blackeight.com\/en\/boerlind-wins-german-brand-award-2016"},"author":{"name":"Armin Schlamp","@id":"https:\/\/www.blackeight.com\/#\/schema\/person\/7bde3d62621563d0ca76fb2f89af0018"},"headline":"Annemarie B\u00f6rlind wins German Brand Award 2016","datePublished":"2016-07-21T19:54:32+00:00","dateModified":"2020-04-23T11:33:44+00:00","mainEntityOfPage":{"@id":"https:\/\/www.blackeight.com\/en\/boerlind-wins-german-brand-award-2016"},"wordCount":29,"image":{"@id":"https:\/\/www.blackeight.com\/en\/boerlind-wins-german-brand-award-2016#primaryimage"},"thumbnailUrl":"https:\/\/blackeight.com\/wp-content\/uploads\/2016\/07\/brand-award-logo_quer-600x300.png","keywords":["Annemarie B\u00f6rlind","German Brand Award"],"articleSection":["Article"],"inLanguage":"en-US"},{"@type":"WebPage","@id":"https:\/\/www.blackeight.com\/en\/boerlind-wins-german-brand-award-2016","url":"https:\/\/www.blackeight.com\/en\/boerlind-wins-german-brand-award-2016","name":"Annemarie B\u00f6rlind wins German Brand Award 2016 - BLACKEIGHT - Brand Sparring Partner","isPartOf":{"@id":"https:\/\/www.blackeight.com\/#website"},"primaryImageOfPage":{"@id":"https:\/\/www.blackeight.com\/en\/boerlind-wins-german-brand-award-2016#primaryimage"},"image":{"@id":"https:\/\/www.blackeight.com\/en\/boerlind-wins-german-brand-award-2016#primaryimage"},"thumbnailUrl":"https:\/\/blackeight.com\/wp-content\/uploads\/2016\/07\/brand-award-logo_quer-600x300.png","datePublished":"2016-07-21T19:54:32+00:00","dateModified":"2020-04-23T11:33:44+00:00","author":{"@id":"https:\/\/www.blackeight.com\/#\/schema\/person\/7bde3d62621563d0ca76fb2f89af0018"},"breadcrumb":{"@id":"https:\/\/www.blackeight.com\/en\/boerlind-wins-german-brand-award-2016#breadcrumb"},"inLanguage":"en-US","potentialAction":[{"@type":"ReadAction","target":["https:\/\/www.blackeight.com\/en\/boerlind-wins-german-brand-award-2016"]}]},{"@type":"ImageObject","inLanguage":"en-US","@id":"https:\/\/www.blackeight.com\/en\/boerlind-wins-german-brand-award-2016#primaryimage","url":"https:\/\/blackeight.com\/wp-content\/uploads\/2016\/07\/brand-award-logo_quer-600x300.png","contentUrl":"https:\/\/blackeight.com\/wp-content\/uploads\/2016\/07\/brand-award-logo_quer-600x300.png"},{"@type":"BreadcrumbList","@id":"https:\/\/www.blackeight.com\/en\/boerlind-wins-german-brand-award-2016#breadcrumb","itemListElement":[{"@type":"ListItem","position":1,"name":"Startseite","item":"https:\/\/www.blackeight.com\/en"},{"@type":"ListItem","position":2,"name":"Annemarie B\u00f6rlind wins German Brand Award 2016"}]},{"@type":"WebSite","@id":"https:\/\/www.blackeight.com\/#website","url":"https:\/\/www.blackeight.com\/","name":"BLACKEIGHT - Brand Sparring Partner","description":"","potentialAction":[{"@type":"SearchAction","target":{"@type":"EntryPoint","urlTemplate":"https:\/\/www.blackeight.com\/?s={search_term_string}"},"query-input":{"@type":"PropertyValueSpecification","valueRequired":true,"valueName":"search_term_string"}}],"inLanguage":"en-US"},{"@type":"Person","@id":"https:\/\/www.blackeight.com\/#\/schema\/person\/7bde3d62621563d0ca76fb2f89af0018","name":"Armin Schlamp","description":"Armin Schlamp ist Gr\u00fcnder und Gesch\u00e4ftsf\u00fchrer von Blackeight. Seit \u00fcber 20 Jahren begleitet er als Brand Sparring Partner Menschen und Marken dabei, zukunftsf\u00e4hige Entscheidungen f\u00fcr Ihren nachhaltigen Erfolg zu treffen. Seine Expertise sch\u00f6pft er nicht nur aus seiner Erfahrung als Berater, sondern auch aus langj\u00e4hriger Berufserfahrung in der Industrie, u.a. der T\u00e4tigkeit als CMO in Interimsmandaten.","sameAs":["https:\/\/de.linkedin.com\/in\/armin-schlamp-06a7655a"],"url":"https:\/\/www.blackeight.com\/en\/author\/armin-schlamp"}]}},"_links":{"self":[{"href":"https:\/\/www.blackeight.com\/en\/wp-json\/wp\/v2\/posts\/2587","targetHints":{"allow":["GET"]}}],"collection":[{"href":"https:\/\/www.blackeight.com\/en\/wp-json\/wp\/v2\/posts"}],"about":[{"href":"https:\/\/www.blackeight.com\/en\/wp-json\/wp\/v2\/types\/post"}],"author":[{"embeddable":true,"href":"https:\/\/www.blackeight.com\/en\/wp-json\/wp\/v2\/users\/4"}],"replies":[{"embeddable":true,"href":"https:\/\/www.blackeight.com\/en\/wp-json\/wp\/v2\/comments?post=2587"}],"version-history":[{"count":0,"href":"https:\/\/www.blackeight.com\/en\/wp-json\/wp\/v2\/posts\/2587\/revisions"}],"wp:attachment":[{"href":"https:\/\/www.blackeight.com\/en\/wp-json\/wp\/v2\/media?parent=2587"}],"wp:term":[{"taxonomy":"category","embeddable":true,"href":"https:\/\/www.blackeight.com\/en\/wp-json\/wp\/v2\/categories?post=2587"},{"taxonomy":"post_tag","embeddable":true,"href":"https:\/\/www.blackeight.com\/en\/wp-json\/wp\/v2\/tags?post=2587"},{"taxonomy":"author","embeddable":true,"href":"https:\/\/www.blackeight.com\/en\/wp-json\/wp\/v2\/coauthors?post=2587"}],"curies":[{"name":"wp","href":"https:\/\/api.w.org\/{rel}","templated":true}]}}