{"id":2320,"date":"2013-05-27T21:48:12","date_gmt":"2013-05-27T19:48:12","guid":{"rendered":"http:\/\/blackeight.com\/en\/?p=2320"},"modified":"2020-11-23T17:33:30","modified_gmt":"2020-11-23T16:33:30","slug":"blackeight-first-business-year","status":"publish","type":"post","link":"https:\/\/www.blackeight.com\/en\/blackeight-first-business-year","title":{"rendered":"Blackeight reflects upon it&#8217;s first year in business"},"content":{"rendered":"<p>One year after its formation, Blackeight Brand Sparring Partner GmbH\u00a0reflects upon it&#8217;s first year in business\u00a0in Munich. Armin Schlamp and Dr. Matthias H\u00fcsgen founded the brand and strategy consultancy, employ seven consultants and have won five new clients in the previous year.<\/p>\n<p>The article is only available in German. To read the complete article please change the language in the main menu.<\/p>\n<p>&nbsp;<\/p>\n","protected":false},"excerpt":{"rendered":"<p>One year after its formation, Blackeight Brand Sparring Partner GmbH takes stock for the first time at its location in Munich. Armin Schlamp and Dr. Matthias H\u00fcsgen founded the brand and strategy consultancy. The managing partners employ seven consultants and won five new clients in the last year  <\/p>\n","protected":false},"author":4,"featured_media":6950,"comment_status":"closed","ping_status":"open","sticky":false,"template":"","format":"standard","meta":{"_acf_changed":false,"footnotes":""},"categories":[407,238,408,409],"tags":[228,229,233,331,373],"coauthors":[193,195],"class_list":["post-2320","post","type-post","status-publish","format-standard","has-post-thumbnail","hentry","category-armin-schlamp-en-2","category-article-2","category-matthias-huesgen-en-2","category-pressemitteilung-en","tag-blackeight-en","tag-brand-consultancy-en","tag-brand-management-en","tag-brand-strategy","tag-new-business"],"acf":[],"yoast_head":"<!-- This site is optimized with the Yoast SEO plugin v27.5 - https:\/\/yoast.com\/product\/yoast-seo-wordpress\/ -->\n<title>Blackeight reflects upon it&#039;s first year in business - BLACKEIGHT - Brand Sparring Partner<\/title>\n<meta name=\"robots\" content=\"index, follow, max-snippet:-1, max-image-preview:large, max-video-preview:-1\" \/>\n<link rel=\"canonical\" href=\"https:\/\/www.blackeight.com\/en\/blackeight-first-business-year\" \/>\n<meta property=\"og:locale\" content=\"en_US\" \/>\n<meta property=\"og:type\" content=\"article\" \/>\n<meta property=\"og:title\" content=\"Blackeight reflects upon it&#039;s first year in business - BLACKEIGHT - Brand Sparring Partner\" \/>\n<meta property=\"og:description\" content=\"One year after its formation, Blackeight Brand Sparring Partner GmbH takes stock for the first time at its location in Munich. Armin Schlamp and Dr. Matthias H\u00fcsgen founded the brand and strategy consultancy. The managing partners employ seven consultants and won five new clients in the last year\" \/>\n<meta property=\"og:url\" content=\"https:\/\/www.blackeight.com\/en\/blackeight-first-business-year\" \/>\n<meta property=\"og:site_name\" content=\"BLACKEIGHT - Brand Sparring Partner\" \/>\n<meta property=\"article:published_time\" content=\"2013-05-27T19:48:12+00:00\" \/>\n<meta property=\"article:modified_time\" content=\"2020-11-23T16:33:30+00:00\" \/>\n<meta property=\"og:image\" content=\"https:\/\/www.blackeight.com\/wp-content\/uploads\/2020\/07\/publikationen-newbusiness-500x462px.png\" \/>\n\t<meta property=\"og:image:width\" content=\"500\" \/>\n\t<meta property=\"og:image:height\" content=\"462\" \/>\n\t<meta property=\"og:image:type\" content=\"image\/png\" \/>\n<meta name=\"author\" content=\"Armin Schlamp, Matthias H\u00fcsgen\" \/>\n<meta name=\"twitter:card\" content=\"summary_large_image\" \/>\n<meta name=\"twitter:label1\" content=\"Written by\" \/>\n\t<meta name=\"twitter:data1\" content=\"Armin Schlamp, Matthias H\u00fcsgen\" \/>\n<script type=\"application\/ld+json\" class=\"yoast-schema-graph\">{\"@context\":\"https:\\\/\\\/schema.org\",\"@graph\":[{\"@type\":\"Article\",\"@id\":\"https:\\\/\\\/www.blackeight.com\\\/en\\\/blackeight-first-business-year#article\",\"isPartOf\":{\"@id\":\"https:\\\/\\\/www.blackeight.com\\\/en\\\/blackeight-first-business-year\"},\"author\":{\"name\":\"Armin Schlamp\",\"@id\":\"https:\\\/\\\/www.blackeight.com\\\/#\\\/schema\\\/person\\\/7bde3d62621563d0ca76fb2f89af0018\"},\"headline\":\"Blackeight reflects upon it&#8217;s first year in business\",\"datePublished\":\"2013-05-27T19:48:12+00:00\",\"dateModified\":\"2020-11-23T16:33:30+00:00\",\"mainEntityOfPage\":{\"@id\":\"https:\\\/\\\/www.blackeight.com\\\/en\\\/blackeight-first-business-year\"},\"wordCount\":76,\"image\":{\"@id\":\"https:\\\/\\\/www.blackeight.com\\\/en\\\/blackeight-first-business-year#primaryimage\"},\"thumbnailUrl\":\"https:\\\/\\\/www.blackeight.com\\\/wp-content\\\/uploads\\\/2020\\\/07\\\/publikationen-newbusiness-500x462px.png\",\"keywords\":[\"Blackeight\",\"brand consultancy\",\"brand management\",\"brand strategy\",\"new business\"],\"articleSection\":[\"Armin Schlamp\",\"Article\",\"Matthias H\u00fcsgen\",\"Pressemitteilung\"],\"inLanguage\":\"en-US\"},{\"@type\":\"WebPage\",\"@id\":\"https:\\\/\\\/www.blackeight.com\\\/en\\\/blackeight-first-business-year\",\"url\":\"https:\\\/\\\/www.blackeight.com\\\/en\\\/blackeight-first-business-year\",\"name\":\"Blackeight reflects upon it's first year in business - BLACKEIGHT - Brand Sparring Partner\",\"isPartOf\":{\"@id\":\"https:\\\/\\\/www.blackeight.com\\\/#website\"},\"primaryImageOfPage\":{\"@id\":\"https:\\\/\\\/www.blackeight.com\\\/en\\\/blackeight-first-business-year#primaryimage\"},\"image\":{\"@id\":\"https:\\\/\\\/www.blackeight.com\\\/en\\\/blackeight-first-business-year#primaryimage\"},\"thumbnailUrl\":\"https:\\\/\\\/www.blackeight.com\\\/wp-content\\\/uploads\\\/2020\\\/07\\\/publikationen-newbusiness-500x462px.png\",\"datePublished\":\"2013-05-27T19:48:12+00:00\",\"dateModified\":\"2020-11-23T16:33:30+00:00\",\"author\":{\"@id\":\"https:\\\/\\\/www.blackeight.com\\\/#\\\/schema\\\/person\\\/7bde3d62621563d0ca76fb2f89af0018\"},\"breadcrumb\":{\"@id\":\"https:\\\/\\\/www.blackeight.com\\\/en\\\/blackeight-first-business-year#breadcrumb\"},\"inLanguage\":\"en-US\",\"potentialAction\":[{\"@type\":\"ReadAction\",\"target\":[\"https:\\\/\\\/www.blackeight.com\\\/en\\\/blackeight-first-business-year\"]}]},{\"@type\":\"ImageObject\",\"inLanguage\":\"en-US\",\"@id\":\"https:\\\/\\\/www.blackeight.com\\\/en\\\/blackeight-first-business-year#primaryimage\",\"url\":\"https:\\\/\\\/www.blackeight.com\\\/wp-content\\\/uploads\\\/2020\\\/07\\\/publikationen-newbusiness-500x462px.png\",\"contentUrl\":\"https:\\\/\\\/www.blackeight.com\\\/wp-content\\\/uploads\\\/2020\\\/07\\\/publikationen-newbusiness-500x462px.png\",\"width\":500,\"height\":462,\"caption\":\"Blackeight new business\"},{\"@type\":\"BreadcrumbList\",\"@id\":\"https:\\\/\\\/www.blackeight.com\\\/en\\\/blackeight-first-business-year#breadcrumb\",\"itemListElement\":[{\"@type\":\"ListItem\",\"position\":1,\"name\":\"Startseite\",\"item\":\"https:\\\/\\\/www.blackeight.com\\\/en\"},{\"@type\":\"ListItem\",\"position\":2,\"name\":\"Blackeight reflects upon it&#8217;s first year in business\"}]},{\"@type\":\"WebSite\",\"@id\":\"https:\\\/\\\/www.blackeight.com\\\/#website\",\"url\":\"https:\\\/\\\/www.blackeight.com\\\/\",\"name\":\"BLACKEIGHT - Brand Sparring Partner\",\"description\":\"\",\"potentialAction\":[{\"@type\":\"SearchAction\",\"target\":{\"@type\":\"EntryPoint\",\"urlTemplate\":\"https:\\\/\\\/www.blackeight.com\\\/?s={search_term_string}\"},\"query-input\":{\"@type\":\"PropertyValueSpecification\",\"valueRequired\":true,\"valueName\":\"search_term_string\"}}],\"inLanguage\":\"en-US\"},{\"@type\":\"Person\",\"@id\":\"https:\\\/\\\/www.blackeight.com\\\/#\\\/schema\\\/person\\\/7bde3d62621563d0ca76fb2f89af0018\",\"name\":\"Armin Schlamp\",\"description\":\"Armin Schlamp ist Gr\u00fcnder und Gesch\u00e4ftsf\u00fchrer von Blackeight. Seit \u00fcber 20 Jahren begleitet er als Brand Sparring Partner Menschen und Marken dabei, zukunftsf\u00e4hige Entscheidungen f\u00fcr Ihren nachhaltigen Erfolg zu treffen. Seine Expertise sch\u00f6pft er nicht nur aus seiner Erfahrung als Berater, sondern auch aus langj\u00e4hriger Berufserfahrung in der Industrie, u.a. der T\u00e4tigkeit als CMO in Interimsmandaten.\",\"sameAs\":[\"https:\\\/\\\/de.linkedin.com\\\/in\\\/armin-schlamp-06a7655a\"],\"url\":\"https:\\\/\\\/www.blackeight.com\\\/en\\\/author\\\/armin-schlamp\"}]}<\/script>\n<!-- \/ Yoast SEO plugin. -->","yoast_head_json":{"title":"Blackeight reflects upon it's first year in business - BLACKEIGHT - Brand Sparring Partner","robots":{"index":"index","follow":"follow","max-snippet":"max-snippet:-1","max-image-preview":"max-image-preview:large","max-video-preview":"max-video-preview:-1"},"canonical":"https:\/\/www.blackeight.com\/en\/blackeight-first-business-year","og_locale":"en_US","og_type":"article","og_title":"Blackeight reflects upon it's first year in business - BLACKEIGHT - Brand Sparring Partner","og_description":"One year after its formation, Blackeight Brand Sparring Partner GmbH takes stock for the first time at its location in Munich. Armin Schlamp and Dr. Matthias H\u00fcsgen founded the brand and strategy consultancy. The managing partners employ seven consultants and won five new clients in the last year","og_url":"https:\/\/www.blackeight.com\/en\/blackeight-first-business-year","og_site_name":"BLACKEIGHT - Brand Sparring Partner","article_published_time":"2013-05-27T19:48:12+00:00","article_modified_time":"2020-11-23T16:33:30+00:00","og_image":[{"width":500,"height":462,"url":"https:\/\/www.blackeight.com\/wp-content\/uploads\/2020\/07\/publikationen-newbusiness-500x462px.png","type":"image\/png"}],"author":"Armin Schlamp, Matthias H\u00fcsgen","twitter_card":"summary_large_image","twitter_misc":{"Written by":"Armin Schlamp, Matthias H\u00fcsgen"},"schema":{"@context":"https:\/\/schema.org","@graph":[{"@type":"Article","@id":"https:\/\/www.blackeight.com\/en\/blackeight-first-business-year#article","isPartOf":{"@id":"https:\/\/www.blackeight.com\/en\/blackeight-first-business-year"},"author":{"name":"Armin Schlamp","@id":"https:\/\/www.blackeight.com\/#\/schema\/person\/7bde3d62621563d0ca76fb2f89af0018"},"headline":"Blackeight reflects upon it&#8217;s first year in business","datePublished":"2013-05-27T19:48:12+00:00","dateModified":"2020-11-23T16:33:30+00:00","mainEntityOfPage":{"@id":"https:\/\/www.blackeight.com\/en\/blackeight-first-business-year"},"wordCount":76,"image":{"@id":"https:\/\/www.blackeight.com\/en\/blackeight-first-business-year#primaryimage"},"thumbnailUrl":"https:\/\/www.blackeight.com\/wp-content\/uploads\/2020\/07\/publikationen-newbusiness-500x462px.png","keywords":["Blackeight","brand consultancy","brand management","brand strategy","new business"],"articleSection":["Armin Schlamp","Article","Matthias H\u00fcsgen","Pressemitteilung"],"inLanguage":"en-US"},{"@type":"WebPage","@id":"https:\/\/www.blackeight.com\/en\/blackeight-first-business-year","url":"https:\/\/www.blackeight.com\/en\/blackeight-first-business-year","name":"Blackeight reflects upon it's first year in business - BLACKEIGHT - Brand Sparring Partner","isPartOf":{"@id":"https:\/\/www.blackeight.com\/#website"},"primaryImageOfPage":{"@id":"https:\/\/www.blackeight.com\/en\/blackeight-first-business-year#primaryimage"},"image":{"@id":"https:\/\/www.blackeight.com\/en\/blackeight-first-business-year#primaryimage"},"thumbnailUrl":"https:\/\/www.blackeight.com\/wp-content\/uploads\/2020\/07\/publikationen-newbusiness-500x462px.png","datePublished":"2013-05-27T19:48:12+00:00","dateModified":"2020-11-23T16:33:30+00:00","author":{"@id":"https:\/\/www.blackeight.com\/#\/schema\/person\/7bde3d62621563d0ca76fb2f89af0018"},"breadcrumb":{"@id":"https:\/\/www.blackeight.com\/en\/blackeight-first-business-year#breadcrumb"},"inLanguage":"en-US","potentialAction":[{"@type":"ReadAction","target":["https:\/\/www.blackeight.com\/en\/blackeight-first-business-year"]}]},{"@type":"ImageObject","inLanguage":"en-US","@id":"https:\/\/www.blackeight.com\/en\/blackeight-first-business-year#primaryimage","url":"https:\/\/www.blackeight.com\/wp-content\/uploads\/2020\/07\/publikationen-newbusiness-500x462px.png","contentUrl":"https:\/\/www.blackeight.com\/wp-content\/uploads\/2020\/07\/publikationen-newbusiness-500x462px.png","width":500,"height":462,"caption":"Blackeight new business"},{"@type":"BreadcrumbList","@id":"https:\/\/www.blackeight.com\/en\/blackeight-first-business-year#breadcrumb","itemListElement":[{"@type":"ListItem","position":1,"name":"Startseite","item":"https:\/\/www.blackeight.com\/en"},{"@type":"ListItem","position":2,"name":"Blackeight reflects upon it&#8217;s first year in business"}]},{"@type":"WebSite","@id":"https:\/\/www.blackeight.com\/#website","url":"https:\/\/www.blackeight.com\/","name":"BLACKEIGHT - Brand Sparring Partner","description":"","potentialAction":[{"@type":"SearchAction","target":{"@type":"EntryPoint","urlTemplate":"https:\/\/www.blackeight.com\/?s={search_term_string}"},"query-input":{"@type":"PropertyValueSpecification","valueRequired":true,"valueName":"search_term_string"}}],"inLanguage":"en-US"},{"@type":"Person","@id":"https:\/\/www.blackeight.com\/#\/schema\/person\/7bde3d62621563d0ca76fb2f89af0018","name":"Armin Schlamp","description":"Armin Schlamp ist Gr\u00fcnder und Gesch\u00e4ftsf\u00fchrer von Blackeight. Seit \u00fcber 20 Jahren begleitet er als Brand Sparring Partner Menschen und Marken dabei, zukunftsf\u00e4hige Entscheidungen f\u00fcr Ihren nachhaltigen Erfolg zu treffen. Seine Expertise sch\u00f6pft er nicht nur aus seiner Erfahrung als Berater, sondern auch aus langj\u00e4hriger Berufserfahrung in der Industrie, u.a. der T\u00e4tigkeit als CMO in Interimsmandaten.","sameAs":["https:\/\/de.linkedin.com\/in\/armin-schlamp-06a7655a"],"url":"https:\/\/www.blackeight.com\/en\/author\/armin-schlamp"}]}},"_links":{"self":[{"href":"https:\/\/www.blackeight.com\/en\/wp-json\/wp\/v2\/posts\/2320","targetHints":{"allow":["GET"]}}],"collection":[{"href":"https:\/\/www.blackeight.com\/en\/wp-json\/wp\/v2\/posts"}],"about":[{"href":"https:\/\/www.blackeight.com\/en\/wp-json\/wp\/v2\/types\/post"}],"author":[{"embeddable":true,"href":"https:\/\/www.blackeight.com\/en\/wp-json\/wp\/v2\/users\/4"}],"replies":[{"embeddable":true,"href":"https:\/\/www.blackeight.com\/en\/wp-json\/wp\/v2\/comments?post=2320"}],"version-history":[{"count":0,"href":"https:\/\/www.blackeight.com\/en\/wp-json\/wp\/v2\/posts\/2320\/revisions"}],"wp:featuredmedia":[{"embeddable":true,"href":"https:\/\/www.blackeight.com\/en\/wp-json\/wp\/v2\/media\/6950"}],"wp:attachment":[{"href":"https:\/\/www.blackeight.com\/en\/wp-json\/wp\/v2\/media?parent=2320"}],"wp:term":[{"taxonomy":"category","embeddable":true,"href":"https:\/\/www.blackeight.com\/en\/wp-json\/wp\/v2\/categories?post=2320"},{"taxonomy":"post_tag","embeddable":true,"href":"https:\/\/www.blackeight.com\/en\/wp-json\/wp\/v2\/tags?post=2320"},{"taxonomy":"author","embeddable":true,"href":"https:\/\/www.blackeight.com\/en\/wp-json\/wp\/v2\/coauthors?post=2320"}],"curies":[{"name":"wp","href":"https:\/\/api.w.org\/{rel}","templated":true}]}}