{"id":2277,"date":"2015-06-17T21:03:29","date_gmt":"2015-06-17T19:03:29","guid":{"rendered":"http:\/\/blackeight.com\/en\/?p=2277"},"modified":"2020-11-18T10:11:20","modified_gmt":"2020-11-18T09:11:20","slug":"b8-oth-regensburg-2","status":"publish","type":"post","link":"https:\/\/www.blackeight.com\/en\/b8-oth-regensburg-2","title":{"rendered":"B8 @ OTH Regensburg"},"content":{"rendered":"<p><strong>\u00bbCorporate Brand Management as a discipline of strategic management\u00ab<\/strong><\/p>\n<p>Following an invitation by Prof. Dr. Alexander Urban of the Faculty of Business Management, Armin Schlamp gave a lecture to MA students on June 17th, 2015. The students from the Marketing and Corporate Management department had the opportunity to learn all about best practice and which measures companies take to achieve a perfect balance between brand and corporate strategy.<\/p>\n","protected":false},"excerpt":{"rendered":"<p>Corporate Brand Management as a discipline of strategic management &#8211; Following an invitation by Prof. Dr. Alexander Urban of the Faculty of Business Management, Mr. Armin Schlamp gave a lecture to MA students on June 17th, 2015  <\/p>\n","protected":false},"author":4,"featured_media":6984,"comment_status":"closed","ping_status":"closed","sticky":false,"template":"","format":"standard","meta":{"_acf_changed":false,"footnotes":""},"categories":[238],"tags":[272,270,269,271,254],"coauthors":[193],"class_list":["post-2277","post","type-post","status-publish","format-standard","has-post-thumbnail","hentry","category-article-2","tag-alexander-urban-en","tag-oth-en","tag-oth-regensburg-en","tag-regensburg-en","tag-university"],"acf":[],"yoast_head":"<!-- This site is optimized with the Yoast SEO plugin v27.5 - https:\/\/yoast.com\/product\/yoast-seo-wordpress\/ -->\n<title>B8 @ OTH Regensburg - BLACKEIGHT - Brand Sparring Partner<\/title>\n<meta name=\"robots\" content=\"index, follow, max-snippet:-1, max-image-preview:large, max-video-preview:-1\" \/>\n<link rel=\"canonical\" href=\"https:\/\/www.blackeight.com\/en\/b8-oth-regensburg-2\" \/>\n<meta property=\"og:locale\" content=\"en_US\" \/>\n<meta property=\"og:type\" content=\"article\" \/>\n<meta property=\"og:title\" content=\"B8 @ OTH Regensburg - BLACKEIGHT - Brand Sparring Partner\" \/>\n<meta property=\"og:description\" content=\"Corporate Brand Management as a discipline of strategic management - Following an invitation by Prof. Dr. Alexander Urban of the Faculty of Business Management, Mr. Armin Schlamp gave a lecture to MA students on June 17th, 2015\" \/>\n<meta property=\"og:url\" content=\"https:\/\/www.blackeight.com\/en\/b8-oth-regensburg-2\" \/>\n<meta property=\"og:site_name\" content=\"BLACKEIGHT - Brand Sparring Partner\" \/>\n<meta property=\"article:published_time\" content=\"2015-06-17T19:03:29+00:00\" \/>\n<meta property=\"article:modified_time\" content=\"2020-11-18T09:11:20+00:00\" \/>\n<meta property=\"og:image\" content=\"https:\/\/www.blackeight.com\/wp-content\/uploads\/2020\/07\/hochschule-oth-500x462px.png\" \/>\n\t<meta property=\"og:image:width\" content=\"500\" \/>\n\t<meta property=\"og:image:height\" content=\"462\" \/>\n\t<meta property=\"og:image:type\" content=\"image\/png\" \/>\n<meta name=\"author\" content=\"Armin Schlamp\" \/>\n<meta name=\"twitter:card\" content=\"summary_large_image\" \/>\n<meta name=\"twitter:label1\" content=\"Written by\" \/>\n\t<meta name=\"twitter:data1\" content=\"Armin Schlamp\" \/>\n<script type=\"application\/ld+json\" class=\"yoast-schema-graph\">{\"@context\":\"https:\\\/\\\/schema.org\",\"@graph\":[{\"@type\":\"Article\",\"@id\":\"https:\\\/\\\/www.blackeight.com\\\/en\\\/b8-oth-regensburg-2#article\",\"isPartOf\":{\"@id\":\"https:\\\/\\\/www.blackeight.com\\\/en\\\/b8-oth-regensburg-2\"},\"author\":{\"name\":\"Armin Schlamp\",\"@id\":\"https:\\\/\\\/www.blackeight.com\\\/#\\\/schema\\\/person\\\/7bde3d62621563d0ca76fb2f89af0018\"},\"headline\":\"B8 @ OTH Regensburg\",\"datePublished\":\"2015-06-17T19:03:29+00:00\",\"dateModified\":\"2020-11-18T09:11:20+00:00\",\"mainEntityOfPage\":{\"@id\":\"https:\\\/\\\/www.blackeight.com\\\/en\\\/b8-oth-regensburg-2\"},\"wordCount\":70,\"image\":{\"@id\":\"https:\\\/\\\/www.blackeight.com\\\/en\\\/b8-oth-regensburg-2#primaryimage\"},\"thumbnailUrl\":\"https:\\\/\\\/www.blackeight.com\\\/wp-content\\\/uploads\\\/2020\\\/07\\\/hochschule-oth-500x462px.png\",\"keywords\":[\"Alexander Urban\",\"OTH\",\"OTH Regensburg\",\"Regensburg\",\"university\"],\"articleSection\":[\"Article\"],\"inLanguage\":\"en-US\"},{\"@type\":\"WebPage\",\"@id\":\"https:\\\/\\\/www.blackeight.com\\\/en\\\/b8-oth-regensburg-2\",\"url\":\"https:\\\/\\\/www.blackeight.com\\\/en\\\/b8-oth-regensburg-2\",\"name\":\"B8 @ OTH Regensburg - BLACKEIGHT - Brand Sparring Partner\",\"isPartOf\":{\"@id\":\"https:\\\/\\\/www.blackeight.com\\\/#website\"},\"primaryImageOfPage\":{\"@id\":\"https:\\\/\\\/www.blackeight.com\\\/en\\\/b8-oth-regensburg-2#primaryimage\"},\"image\":{\"@id\":\"https:\\\/\\\/www.blackeight.com\\\/en\\\/b8-oth-regensburg-2#primaryimage\"},\"thumbnailUrl\":\"https:\\\/\\\/www.blackeight.com\\\/wp-content\\\/uploads\\\/2020\\\/07\\\/hochschule-oth-500x462px.png\",\"datePublished\":\"2015-06-17T19:03:29+00:00\",\"dateModified\":\"2020-11-18T09:11:20+00:00\",\"author\":{\"@id\":\"https:\\\/\\\/www.blackeight.com\\\/#\\\/schema\\\/person\\\/7bde3d62621563d0ca76fb2f89af0018\"},\"breadcrumb\":{\"@id\":\"https:\\\/\\\/www.blackeight.com\\\/en\\\/b8-oth-regensburg-2#breadcrumb\"},\"inLanguage\":\"en-US\",\"potentialAction\":[{\"@type\":\"ReadAction\",\"target\":[\"https:\\\/\\\/www.blackeight.com\\\/en\\\/b8-oth-regensburg-2\"]}]},{\"@type\":\"ImageObject\",\"inLanguage\":\"en-US\",\"@id\":\"https:\\\/\\\/www.blackeight.com\\\/en\\\/b8-oth-regensburg-2#primaryimage\",\"url\":\"https:\\\/\\\/www.blackeight.com\\\/wp-content\\\/uploads\\\/2020\\\/07\\\/hochschule-oth-500x462px.png\",\"contentUrl\":\"https:\\\/\\\/www.blackeight.com\\\/wp-content\\\/uploads\\\/2020\\\/07\\\/hochschule-oth-500x462px.png\",\"width\":500,\"height\":462,\"caption\":\"Blackeight OTH Regensburg\"},{\"@type\":\"BreadcrumbList\",\"@id\":\"https:\\\/\\\/www.blackeight.com\\\/en\\\/b8-oth-regensburg-2#breadcrumb\",\"itemListElement\":[{\"@type\":\"ListItem\",\"position\":1,\"name\":\"Startseite\",\"item\":\"https:\\\/\\\/www.blackeight.com\\\/en\"},{\"@type\":\"ListItem\",\"position\":2,\"name\":\"B8 @ OTH Regensburg\"}]},{\"@type\":\"WebSite\",\"@id\":\"https:\\\/\\\/www.blackeight.com\\\/#website\",\"url\":\"https:\\\/\\\/www.blackeight.com\\\/\",\"name\":\"BLACKEIGHT - Brand Sparring Partner\",\"description\":\"\",\"potentialAction\":[{\"@type\":\"SearchAction\",\"target\":{\"@type\":\"EntryPoint\",\"urlTemplate\":\"https:\\\/\\\/www.blackeight.com\\\/?s={search_term_string}\"},\"query-input\":{\"@type\":\"PropertyValueSpecification\",\"valueRequired\":true,\"valueName\":\"search_term_string\"}}],\"inLanguage\":\"en-US\"},{\"@type\":\"Person\",\"@id\":\"https:\\\/\\\/www.blackeight.com\\\/#\\\/schema\\\/person\\\/7bde3d62621563d0ca76fb2f89af0018\",\"name\":\"Armin Schlamp\",\"description\":\"Armin Schlamp ist Gr\u00fcnder und Gesch\u00e4ftsf\u00fchrer von Blackeight. Seit \u00fcber 20 Jahren begleitet er als Brand Sparring Partner Menschen und Marken dabei, zukunftsf\u00e4hige Entscheidungen f\u00fcr Ihren nachhaltigen Erfolg zu treffen. Seine Expertise sch\u00f6pft er nicht nur aus seiner Erfahrung als Berater, sondern auch aus langj\u00e4hriger Berufserfahrung in der Industrie, u.a. der T\u00e4tigkeit als CMO in Interimsmandaten.\",\"sameAs\":[\"https:\\\/\\\/de.linkedin.com\\\/in\\\/armin-schlamp-06a7655a\"],\"url\":\"https:\\\/\\\/www.blackeight.com\\\/en\\\/author\\\/armin-schlamp\"}]}<\/script>\n<!-- \/ Yoast SEO plugin. -->","yoast_head_json":{"title":"B8 @ OTH Regensburg - BLACKEIGHT - Brand Sparring Partner","robots":{"index":"index","follow":"follow","max-snippet":"max-snippet:-1","max-image-preview":"max-image-preview:large","max-video-preview":"max-video-preview:-1"},"canonical":"https:\/\/www.blackeight.com\/en\/b8-oth-regensburg-2","og_locale":"en_US","og_type":"article","og_title":"B8 @ OTH Regensburg - BLACKEIGHT - Brand Sparring Partner","og_description":"Corporate Brand Management as a discipline of strategic management - Following an invitation by Prof. Dr. Alexander Urban of the Faculty of Business Management, Mr. Armin Schlamp gave a lecture to MA students on June 17th, 2015","og_url":"https:\/\/www.blackeight.com\/en\/b8-oth-regensburg-2","og_site_name":"BLACKEIGHT - Brand Sparring Partner","article_published_time":"2015-06-17T19:03:29+00:00","article_modified_time":"2020-11-18T09:11:20+00:00","og_image":[{"width":500,"height":462,"url":"https:\/\/www.blackeight.com\/wp-content\/uploads\/2020\/07\/hochschule-oth-500x462px.png","type":"image\/png"}],"author":"Armin Schlamp","twitter_card":"summary_large_image","twitter_misc":{"Written by":"Armin Schlamp"},"schema":{"@context":"https:\/\/schema.org","@graph":[{"@type":"Article","@id":"https:\/\/www.blackeight.com\/en\/b8-oth-regensburg-2#article","isPartOf":{"@id":"https:\/\/www.blackeight.com\/en\/b8-oth-regensburg-2"},"author":{"name":"Armin Schlamp","@id":"https:\/\/www.blackeight.com\/#\/schema\/person\/7bde3d62621563d0ca76fb2f89af0018"},"headline":"B8 @ OTH Regensburg","datePublished":"2015-06-17T19:03:29+00:00","dateModified":"2020-11-18T09:11:20+00:00","mainEntityOfPage":{"@id":"https:\/\/www.blackeight.com\/en\/b8-oth-regensburg-2"},"wordCount":70,"image":{"@id":"https:\/\/www.blackeight.com\/en\/b8-oth-regensburg-2#primaryimage"},"thumbnailUrl":"https:\/\/www.blackeight.com\/wp-content\/uploads\/2020\/07\/hochschule-oth-500x462px.png","keywords":["Alexander Urban","OTH","OTH Regensburg","Regensburg","university"],"articleSection":["Article"],"inLanguage":"en-US"},{"@type":"WebPage","@id":"https:\/\/www.blackeight.com\/en\/b8-oth-regensburg-2","url":"https:\/\/www.blackeight.com\/en\/b8-oth-regensburg-2","name":"B8 @ OTH Regensburg - BLACKEIGHT - Brand Sparring Partner","isPartOf":{"@id":"https:\/\/www.blackeight.com\/#website"},"primaryImageOfPage":{"@id":"https:\/\/www.blackeight.com\/en\/b8-oth-regensburg-2#primaryimage"},"image":{"@id":"https:\/\/www.blackeight.com\/en\/b8-oth-regensburg-2#primaryimage"},"thumbnailUrl":"https:\/\/www.blackeight.com\/wp-content\/uploads\/2020\/07\/hochschule-oth-500x462px.png","datePublished":"2015-06-17T19:03:29+00:00","dateModified":"2020-11-18T09:11:20+00:00","author":{"@id":"https:\/\/www.blackeight.com\/#\/schema\/person\/7bde3d62621563d0ca76fb2f89af0018"},"breadcrumb":{"@id":"https:\/\/www.blackeight.com\/en\/b8-oth-regensburg-2#breadcrumb"},"inLanguage":"en-US","potentialAction":[{"@type":"ReadAction","target":["https:\/\/www.blackeight.com\/en\/b8-oth-regensburg-2"]}]},{"@type":"ImageObject","inLanguage":"en-US","@id":"https:\/\/www.blackeight.com\/en\/b8-oth-regensburg-2#primaryimage","url":"https:\/\/www.blackeight.com\/wp-content\/uploads\/2020\/07\/hochschule-oth-500x462px.png","contentUrl":"https:\/\/www.blackeight.com\/wp-content\/uploads\/2020\/07\/hochschule-oth-500x462px.png","width":500,"height":462,"caption":"Blackeight OTH Regensburg"},{"@type":"BreadcrumbList","@id":"https:\/\/www.blackeight.com\/en\/b8-oth-regensburg-2#breadcrumb","itemListElement":[{"@type":"ListItem","position":1,"name":"Startseite","item":"https:\/\/www.blackeight.com\/en"},{"@type":"ListItem","position":2,"name":"B8 @ OTH Regensburg"}]},{"@type":"WebSite","@id":"https:\/\/www.blackeight.com\/#website","url":"https:\/\/www.blackeight.com\/","name":"BLACKEIGHT - Brand Sparring Partner","description":"","potentialAction":[{"@type":"SearchAction","target":{"@type":"EntryPoint","urlTemplate":"https:\/\/www.blackeight.com\/?s={search_term_string}"},"query-input":{"@type":"PropertyValueSpecification","valueRequired":true,"valueName":"search_term_string"}}],"inLanguage":"en-US"},{"@type":"Person","@id":"https:\/\/www.blackeight.com\/#\/schema\/person\/7bde3d62621563d0ca76fb2f89af0018","name":"Armin Schlamp","description":"Armin Schlamp ist Gr\u00fcnder und Gesch\u00e4ftsf\u00fchrer von Blackeight. Seit \u00fcber 20 Jahren begleitet er als Brand Sparring Partner Menschen und Marken dabei, zukunftsf\u00e4hige Entscheidungen f\u00fcr Ihren nachhaltigen Erfolg zu treffen. Seine Expertise sch\u00f6pft er nicht nur aus seiner Erfahrung als Berater, sondern auch aus langj\u00e4hriger Berufserfahrung in der Industrie, u.a. der T\u00e4tigkeit als CMO in Interimsmandaten.","sameAs":["https:\/\/de.linkedin.com\/in\/armin-schlamp-06a7655a"],"url":"https:\/\/www.blackeight.com\/en\/author\/armin-schlamp"}]}},"_links":{"self":[{"href":"https:\/\/www.blackeight.com\/en\/wp-json\/wp\/v2\/posts\/2277","targetHints":{"allow":["GET"]}}],"collection":[{"href":"https:\/\/www.blackeight.com\/en\/wp-json\/wp\/v2\/posts"}],"about":[{"href":"https:\/\/www.blackeight.com\/en\/wp-json\/wp\/v2\/types\/post"}],"author":[{"embeddable":true,"href":"https:\/\/www.blackeight.com\/en\/wp-json\/wp\/v2\/users\/4"}],"replies":[{"embeddable":true,"href":"https:\/\/www.blackeight.com\/en\/wp-json\/wp\/v2\/comments?post=2277"}],"version-history":[{"count":0,"href":"https:\/\/www.blackeight.com\/en\/wp-json\/wp\/v2\/posts\/2277\/revisions"}],"wp:featuredmedia":[{"embeddable":true,"href":"https:\/\/www.blackeight.com\/en\/wp-json\/wp\/v2\/media\/6984"}],"wp:attachment":[{"href":"https:\/\/www.blackeight.com\/en\/wp-json\/wp\/v2\/media?parent=2277"}],"wp:term":[{"taxonomy":"category","embeddable":true,"href":"https:\/\/www.blackeight.com\/en\/wp-json\/wp\/v2\/categories?post=2277"},{"taxonomy":"post_tag","embeddable":true,"href":"https:\/\/www.blackeight.com\/en\/wp-json\/wp\/v2\/tags?post=2277"},{"taxonomy":"author","embeddable":true,"href":"https:\/\/www.blackeight.com\/en\/wp-json\/wp\/v2\/coauthors?post=2277"}],"curies":[{"name":"wp","href":"https:\/\/api.w.org\/{rel}","templated":true}]}}