{"id":2272,"date":"2015-10-28T20:54:28","date_gmt":"2015-10-28T19:54:28","guid":{"rendered":"http:\/\/blackeight.com\/en\/?p=2272"},"modified":"2020-04-23T13:53:06","modified_gmt":"2020-04-23T11:53:06","slug":"concentr8-the-new-magazine-for-key-questions-in-brand-management","status":"publish","type":"post","link":"https:\/\/www.blackeight.com\/en\/concentr8-the-new-magazine-for-key-questions-in-brand-management","title":{"rendered":"Concentr8 \u2013 the new magazine for key questions in brand management"},"content":{"rendered":"<div class=\"col3 col\">\n<p>The first issue of Concentr8 was published on November 2, 2015. The monothematical publication reviews central questions relating to strategic and operational brand management.<\/p>\n<p>(only available in German)<br \/>\n<img loading=\"lazy\" decoding=\"async\" class=\"alignleft size-full wp-image-1309\" src=\"https:\/\/blackeight.com\/wp-content\/uploads\/2016\/02\/contrenctr8.jpg\" alt=\"concentr8\" width=\"680\" height=\"170\" srcset=\"https:\/\/www.blackeight.com\/wp-content\/uploads\/2016\/02\/contrenctr8.jpg 680w, https:\/\/www.blackeight.com\/wp-content\/uploads\/2016\/02\/contrenctr8-300x75.jpg 300w, https:\/\/www.blackeight.com\/wp-content\/uploads\/2016\/02\/contrenctr8-576x144.jpg 576w\" sizes=\"auto, (max-width: 680px) 100vw, 680px\" \/><\/p>\n<\/div>\n<p>&nbsp;<\/p>\n<p>&nbsp;<\/p>\n<div class=\"col3 col\"><\/div>\n","protected":false},"excerpt":{"rendered":"<p>The first issue of Concentr8 is published November 2, 2015. The monothematical publication answers central questions relating to strategic and operational brand management <\/p>\n","protected":false},"author":4,"featured_media":5961,"comment_status":"closed","ping_status":"open","sticky":false,"template":"","format":"standard","meta":{"_acf_changed":false,"footnotes":""},"categories":[238],"tags":[302,310],"coauthors":[193,195],"class_list":["post-2272","post","type-post","status-publish","format-standard","has-post-thumbnail","hentry","category-article-2","tag-brand-driven-change","tag-concentr8-en"],"acf":[],"yoast_head":"<!-- This site is optimized with the Yoast SEO plugin v27.5 - https:\/\/yoast.com\/product\/yoast-seo-wordpress\/ -->\n<title>Concentr8 \u2013 the new magazine for key questions in brand management - BLACKEIGHT - Brand Sparring Partner<\/title>\n<meta name=\"robots\" content=\"index, follow, max-snippet:-1, max-image-preview:large, max-video-preview:-1\" \/>\n<link rel=\"canonical\" href=\"https:\/\/www.blackeight.com\/en\/concentr8-the-new-magazine-for-key-questions-in-brand-management\" \/>\n<meta property=\"og:locale\" content=\"en_US\" \/>\n<meta property=\"og:type\" content=\"article\" \/>\n<meta property=\"og:title\" content=\"Concentr8 \u2013 the new magazine for key questions in brand management - BLACKEIGHT - Brand Sparring Partner\" \/>\n<meta property=\"og:description\" content=\"The first issue of Concentr8 is published November 2, 2015. The monothematical publication answers central questions relating to strategic and operational brand management\" \/>\n<meta property=\"og:url\" content=\"https:\/\/www.blackeight.com\/en\/concentr8-the-new-magazine-for-key-questions-in-brand-management\" \/>\n<meta property=\"og:site_name\" content=\"BLACKEIGHT - Brand Sparring Partner\" \/>\n<meta property=\"article:published_time\" content=\"2015-10-28T19:54:28+00:00\" \/>\n<meta property=\"article:modified_time\" content=\"2020-04-23T11:53:06+00:00\" \/>\n<meta property=\"og:image\" content=\"https:\/\/www.blackeight.com\/wp-content\/uploads\/2020\/03\/blackeight_concentr8_ausgabe-1_303x280px.jpg\" \/>\n\t<meta property=\"og:image:width\" content=\"303\" \/>\n\t<meta property=\"og:image:height\" content=\"280\" \/>\n\t<meta property=\"og:image:type\" content=\"image\/jpeg\" \/>\n<meta name=\"author\" content=\"Armin Schlamp, Matthias H\u00fcsgen\" \/>\n<meta name=\"twitter:card\" content=\"summary_large_image\" \/>\n<meta name=\"twitter:label1\" content=\"Written by\" \/>\n\t<meta name=\"twitter:data1\" content=\"Armin Schlamp, Matthias H\u00fcsgen\" \/>\n<script type=\"application\/ld+json\" class=\"yoast-schema-graph\">{\"@context\":\"https:\\\/\\\/schema.org\",\"@graph\":[{\"@type\":\"Article\",\"@id\":\"https:\\\/\\\/www.blackeight.com\\\/en\\\/concentr8-the-new-magazine-for-key-questions-in-brand-management#article\",\"isPartOf\":{\"@id\":\"https:\\\/\\\/www.blackeight.com\\\/en\\\/concentr8-the-new-magazine-for-key-questions-in-brand-management\"},\"author\":{\"name\":\"Armin Schlamp\",\"@id\":\"https:\\\/\\\/www.blackeight.com\\\/#\\\/schema\\\/person\\\/7bde3d62621563d0ca76fb2f89af0018\"},\"headline\":\"Concentr8 \u2013 the new magazine for key questions in brand management\",\"datePublished\":\"2015-10-28T19:54:28+00:00\",\"dateModified\":\"2020-04-23T11:53:06+00:00\",\"mainEntityOfPage\":{\"@id\":\"https:\\\/\\\/www.blackeight.com\\\/en\\\/concentr8-the-new-magazine-for-key-questions-in-brand-management\"},\"wordCount\":38,\"image\":{\"@id\":\"https:\\\/\\\/www.blackeight.com\\\/en\\\/concentr8-the-new-magazine-for-key-questions-in-brand-management#primaryimage\"},\"thumbnailUrl\":\"https:\\\/\\\/www.blackeight.com\\\/wp-content\\\/uploads\\\/2020\\\/03\\\/blackeight_concentr8_ausgabe-1_303x280px.jpg\",\"keywords\":[\"brand driven change\",\"concentr8\"],\"articleSection\":[\"Article\"],\"inLanguage\":\"en-US\"},{\"@type\":\"WebPage\",\"@id\":\"https:\\\/\\\/www.blackeight.com\\\/en\\\/concentr8-the-new-magazine-for-key-questions-in-brand-management\",\"url\":\"https:\\\/\\\/www.blackeight.com\\\/en\\\/concentr8-the-new-magazine-for-key-questions-in-brand-management\",\"name\":\"Concentr8 \u2013 the new magazine for key questions in brand management - BLACKEIGHT - Brand Sparring Partner\",\"isPartOf\":{\"@id\":\"https:\\\/\\\/www.blackeight.com\\\/#website\"},\"primaryImageOfPage\":{\"@id\":\"https:\\\/\\\/www.blackeight.com\\\/en\\\/concentr8-the-new-magazine-for-key-questions-in-brand-management#primaryimage\"},\"image\":{\"@id\":\"https:\\\/\\\/www.blackeight.com\\\/en\\\/concentr8-the-new-magazine-for-key-questions-in-brand-management#primaryimage\"},\"thumbnailUrl\":\"https:\\\/\\\/www.blackeight.com\\\/wp-content\\\/uploads\\\/2020\\\/03\\\/blackeight_concentr8_ausgabe-1_303x280px.jpg\",\"datePublished\":\"2015-10-28T19:54:28+00:00\",\"dateModified\":\"2020-04-23T11:53:06+00:00\",\"author\":{\"@id\":\"https:\\\/\\\/www.blackeight.com\\\/#\\\/schema\\\/person\\\/7bde3d62621563d0ca76fb2f89af0018\"},\"breadcrumb\":{\"@id\":\"https:\\\/\\\/www.blackeight.com\\\/en\\\/concentr8-the-new-magazine-for-key-questions-in-brand-management#breadcrumb\"},\"inLanguage\":\"en-US\",\"potentialAction\":[{\"@type\":\"ReadAction\",\"target\":[\"https:\\\/\\\/www.blackeight.com\\\/en\\\/concentr8-the-new-magazine-for-key-questions-in-brand-management\"]}]},{\"@type\":\"ImageObject\",\"inLanguage\":\"en-US\",\"@id\":\"https:\\\/\\\/www.blackeight.com\\\/en\\\/concentr8-the-new-magazine-for-key-questions-in-brand-management#primaryimage\",\"url\":\"https:\\\/\\\/www.blackeight.com\\\/wp-content\\\/uploads\\\/2020\\\/03\\\/blackeight_concentr8_ausgabe-1_303x280px.jpg\",\"contentUrl\":\"https:\\\/\\\/www.blackeight.com\\\/wp-content\\\/uploads\\\/2020\\\/03\\\/blackeight_concentr8_ausgabe-1_303x280px.jpg\",\"width\":303,\"height\":280,\"caption\":\"Blackeight Concentr8 Ausgabe 1\"},{\"@type\":\"BreadcrumbList\",\"@id\":\"https:\\\/\\\/www.blackeight.com\\\/en\\\/concentr8-the-new-magazine-for-key-questions-in-brand-management#breadcrumb\",\"itemListElement\":[{\"@type\":\"ListItem\",\"position\":1,\"name\":\"Startseite\",\"item\":\"https:\\\/\\\/www.blackeight.com\\\/en\"},{\"@type\":\"ListItem\",\"position\":2,\"name\":\"Concentr8 \u2013 the new magazine for key questions in brand management\"}]},{\"@type\":\"WebSite\",\"@id\":\"https:\\\/\\\/www.blackeight.com\\\/#website\",\"url\":\"https:\\\/\\\/www.blackeight.com\\\/\",\"name\":\"BLACKEIGHT - Brand Sparring Partner\",\"description\":\"\",\"potentialAction\":[{\"@type\":\"SearchAction\",\"target\":{\"@type\":\"EntryPoint\",\"urlTemplate\":\"https:\\\/\\\/www.blackeight.com\\\/?s={search_term_string}\"},\"query-input\":{\"@type\":\"PropertyValueSpecification\",\"valueRequired\":true,\"valueName\":\"search_term_string\"}}],\"inLanguage\":\"en-US\"},{\"@type\":\"Person\",\"@id\":\"https:\\\/\\\/www.blackeight.com\\\/#\\\/schema\\\/person\\\/7bde3d62621563d0ca76fb2f89af0018\",\"name\":\"Armin Schlamp\",\"description\":\"Armin Schlamp ist Gr\u00fcnder und Gesch\u00e4ftsf\u00fchrer von Blackeight. Seit \u00fcber 20 Jahren begleitet er als Brand Sparring Partner Menschen und Marken dabei, zukunftsf\u00e4hige Entscheidungen f\u00fcr Ihren nachhaltigen Erfolg zu treffen. Seine Expertise sch\u00f6pft er nicht nur aus seiner Erfahrung als Berater, sondern auch aus langj\u00e4hriger Berufserfahrung in der Industrie, u.a. der T\u00e4tigkeit als CMO in Interimsmandaten.\",\"sameAs\":[\"https:\\\/\\\/de.linkedin.com\\\/in\\\/armin-schlamp-06a7655a\"],\"url\":\"https:\\\/\\\/www.blackeight.com\\\/en\\\/author\\\/armin-schlamp\"}]}<\/script>\n<!-- \/ Yoast SEO plugin. -->","yoast_head_json":{"title":"Concentr8 \u2013 the new magazine for key questions in brand management - BLACKEIGHT - Brand Sparring Partner","robots":{"index":"index","follow":"follow","max-snippet":"max-snippet:-1","max-image-preview":"max-image-preview:large","max-video-preview":"max-video-preview:-1"},"canonical":"https:\/\/www.blackeight.com\/en\/concentr8-the-new-magazine-for-key-questions-in-brand-management","og_locale":"en_US","og_type":"article","og_title":"Concentr8 \u2013 the new magazine for key questions in brand management - BLACKEIGHT - Brand Sparring Partner","og_description":"The first issue of Concentr8 is published November 2, 2015. The monothematical publication answers central questions relating to strategic and operational brand management","og_url":"https:\/\/www.blackeight.com\/en\/concentr8-the-new-magazine-for-key-questions-in-brand-management","og_site_name":"BLACKEIGHT - Brand Sparring Partner","article_published_time":"2015-10-28T19:54:28+00:00","article_modified_time":"2020-04-23T11:53:06+00:00","og_image":[{"width":303,"height":280,"url":"https:\/\/www.blackeight.com\/wp-content\/uploads\/2020\/03\/blackeight_concentr8_ausgabe-1_303x280px.jpg","type":"image\/jpeg"}],"author":"Armin Schlamp, Matthias H\u00fcsgen","twitter_card":"summary_large_image","twitter_misc":{"Written by":"Armin Schlamp, Matthias H\u00fcsgen"},"schema":{"@context":"https:\/\/schema.org","@graph":[{"@type":"Article","@id":"https:\/\/www.blackeight.com\/en\/concentr8-the-new-magazine-for-key-questions-in-brand-management#article","isPartOf":{"@id":"https:\/\/www.blackeight.com\/en\/concentr8-the-new-magazine-for-key-questions-in-brand-management"},"author":{"name":"Armin Schlamp","@id":"https:\/\/www.blackeight.com\/#\/schema\/person\/7bde3d62621563d0ca76fb2f89af0018"},"headline":"Concentr8 \u2013 the new magazine for key questions in brand management","datePublished":"2015-10-28T19:54:28+00:00","dateModified":"2020-04-23T11:53:06+00:00","mainEntityOfPage":{"@id":"https:\/\/www.blackeight.com\/en\/concentr8-the-new-magazine-for-key-questions-in-brand-management"},"wordCount":38,"image":{"@id":"https:\/\/www.blackeight.com\/en\/concentr8-the-new-magazine-for-key-questions-in-brand-management#primaryimage"},"thumbnailUrl":"https:\/\/www.blackeight.com\/wp-content\/uploads\/2020\/03\/blackeight_concentr8_ausgabe-1_303x280px.jpg","keywords":["brand driven change","concentr8"],"articleSection":["Article"],"inLanguage":"en-US"},{"@type":"WebPage","@id":"https:\/\/www.blackeight.com\/en\/concentr8-the-new-magazine-for-key-questions-in-brand-management","url":"https:\/\/www.blackeight.com\/en\/concentr8-the-new-magazine-for-key-questions-in-brand-management","name":"Concentr8 \u2013 the new magazine for key questions in brand management - BLACKEIGHT - Brand Sparring Partner","isPartOf":{"@id":"https:\/\/www.blackeight.com\/#website"},"primaryImageOfPage":{"@id":"https:\/\/www.blackeight.com\/en\/concentr8-the-new-magazine-for-key-questions-in-brand-management#primaryimage"},"image":{"@id":"https:\/\/www.blackeight.com\/en\/concentr8-the-new-magazine-for-key-questions-in-brand-management#primaryimage"},"thumbnailUrl":"https:\/\/www.blackeight.com\/wp-content\/uploads\/2020\/03\/blackeight_concentr8_ausgabe-1_303x280px.jpg","datePublished":"2015-10-28T19:54:28+00:00","dateModified":"2020-04-23T11:53:06+00:00","author":{"@id":"https:\/\/www.blackeight.com\/#\/schema\/person\/7bde3d62621563d0ca76fb2f89af0018"},"breadcrumb":{"@id":"https:\/\/www.blackeight.com\/en\/concentr8-the-new-magazine-for-key-questions-in-brand-management#breadcrumb"},"inLanguage":"en-US","potentialAction":[{"@type":"ReadAction","target":["https:\/\/www.blackeight.com\/en\/concentr8-the-new-magazine-for-key-questions-in-brand-management"]}]},{"@type":"ImageObject","inLanguage":"en-US","@id":"https:\/\/www.blackeight.com\/en\/concentr8-the-new-magazine-for-key-questions-in-brand-management#primaryimage","url":"https:\/\/www.blackeight.com\/wp-content\/uploads\/2020\/03\/blackeight_concentr8_ausgabe-1_303x280px.jpg","contentUrl":"https:\/\/www.blackeight.com\/wp-content\/uploads\/2020\/03\/blackeight_concentr8_ausgabe-1_303x280px.jpg","width":303,"height":280,"caption":"Blackeight Concentr8 Ausgabe 1"},{"@type":"BreadcrumbList","@id":"https:\/\/www.blackeight.com\/en\/concentr8-the-new-magazine-for-key-questions-in-brand-management#breadcrumb","itemListElement":[{"@type":"ListItem","position":1,"name":"Startseite","item":"https:\/\/www.blackeight.com\/en"},{"@type":"ListItem","position":2,"name":"Concentr8 \u2013 the new magazine for key questions in brand management"}]},{"@type":"WebSite","@id":"https:\/\/www.blackeight.com\/#website","url":"https:\/\/www.blackeight.com\/","name":"BLACKEIGHT - Brand Sparring Partner","description":"","potentialAction":[{"@type":"SearchAction","target":{"@type":"EntryPoint","urlTemplate":"https:\/\/www.blackeight.com\/?s={search_term_string}"},"query-input":{"@type":"PropertyValueSpecification","valueRequired":true,"valueName":"search_term_string"}}],"inLanguage":"en-US"},{"@type":"Person","@id":"https:\/\/www.blackeight.com\/#\/schema\/person\/7bde3d62621563d0ca76fb2f89af0018","name":"Armin Schlamp","description":"Armin Schlamp ist Gr\u00fcnder und Gesch\u00e4ftsf\u00fchrer von Blackeight. Seit \u00fcber 20 Jahren begleitet er als Brand Sparring Partner Menschen und Marken dabei, zukunftsf\u00e4hige Entscheidungen f\u00fcr Ihren nachhaltigen Erfolg zu treffen. Seine Expertise sch\u00f6pft er nicht nur aus seiner Erfahrung als Berater, sondern auch aus langj\u00e4hriger Berufserfahrung in der Industrie, u.a. der T\u00e4tigkeit als CMO in Interimsmandaten.","sameAs":["https:\/\/de.linkedin.com\/in\/armin-schlamp-06a7655a"],"url":"https:\/\/www.blackeight.com\/en\/author\/armin-schlamp"}]}},"_links":{"self":[{"href":"https:\/\/www.blackeight.com\/en\/wp-json\/wp\/v2\/posts\/2272","targetHints":{"allow":["GET"]}}],"collection":[{"href":"https:\/\/www.blackeight.com\/en\/wp-json\/wp\/v2\/posts"}],"about":[{"href":"https:\/\/www.blackeight.com\/en\/wp-json\/wp\/v2\/types\/post"}],"author":[{"embeddable":true,"href":"https:\/\/www.blackeight.com\/en\/wp-json\/wp\/v2\/users\/4"}],"replies":[{"embeddable":true,"href":"https:\/\/www.blackeight.com\/en\/wp-json\/wp\/v2\/comments?post=2272"}],"version-history":[{"count":0,"href":"https:\/\/www.blackeight.com\/en\/wp-json\/wp\/v2\/posts\/2272\/revisions"}],"wp:featuredmedia":[{"embeddable":true,"href":"https:\/\/www.blackeight.com\/en\/wp-json\/wp\/v2\/media\/5961"}],"wp:attachment":[{"href":"https:\/\/www.blackeight.com\/en\/wp-json\/wp\/v2\/media?parent=2272"}],"wp:term":[{"taxonomy":"category","embeddable":true,"href":"https:\/\/www.blackeight.com\/en\/wp-json\/wp\/v2\/categories?post=2272"},{"taxonomy":"post_tag","embeddable":true,"href":"https:\/\/www.blackeight.com\/en\/wp-json\/wp\/v2\/tags?post=2272"},{"taxonomy":"author","embeddable":true,"href":"https:\/\/www.blackeight.com\/en\/wp-json\/wp\/v2\/coauthors?post=2272"}],"curies":[{"name":"wp","href":"https:\/\/api.w.org\/{rel}","templated":true}]}}